{"id":2330,"date":"2025-05-29T12:20:51","date_gmt":"2025-05-29T12:20:51","guid":{"rendered":"http:\/\/victoria.gob.ar\/es\/moratoria-2025\/"},"modified":"2025-05-29T12:20:51","modified_gmt":"2025-05-29T12:20:51","slug":"moratoria-2025","status":"publish","type":"post","link":"https:\/\/victoria.gob.ar\/es\/moratoria-2025\/","title":{"rendered":"MORATORIA 2025"},"content":{"rendered":"<p>Para m\u00e1s informaci\u00f3n, acercate a la Direcci\u00f3n de Rentas, ubicada en el Palacio Municipal. Pod\u00e9s hacerlo a partir del lunes 2 junio y hasta el jueves 31 de julio, de 07:30 a 12:30 o de 15:30 a 18:30, de lunes a viernes.<\/p>\n<figure class=\"wp-block-gallery has-nested-images columns-default is-cropped wp-block-gallery-2 is-layout-flex wp-block-gallery-is-layout-flex\">\n<figure class=\"wp-block-image size-large\"><img decoding=\"async\" loading=\"lazy\" width=\"819\" height=\"1024\" data-id=\"1181\" src=\"https:\/\/victoria.gob.ar\/prensa\/wp-content\/uploads\/2025\/05\/WhatsApp-Image-2025-05-27-at-12.31.38-1-819x1024.jpeg\" alt=\"\" class=\"wp-image-1181\" \/><\/figure>\n<figure class=\"wp-block-image size-large\"><img decoding=\"async\" loading=\"lazy\" width=\"819\" height=\"1024\" data-id=\"1183\" src=\"https:\/\/victoria.gob.ar\/prensa\/wp-content\/uploads\/2025\/05\/WhatsApp-Image-2025-05-27-at-12.31.38-819x1024.jpeg\" alt=\"\" class=\"wp-image-1183\" \/><\/figure>\n<figure class=\"wp-block-image size-large\"><img decoding=\"async\" loading=\"lazy\" width=\"819\" height=\"1024\" data-id=\"1184\" src=\"https:\/\/victoria.gob.ar\/prensa\/wp-content\/uploads\/2025\/05\/WhatsApp-Image-2025-05-27-at-12.31.37-1-819x1024.jpeg\" alt=\"\" class=\"wp-image-1184\" \/><\/figure>\n<figure class=\"wp-block-image size-large\"><img decoding=\"async\" loading=\"lazy\" width=\"819\" height=\"1024\" data-id=\"1182\" src=\"https:\/\/victoria.gob.ar\/prensa\/wp-content\/uploads\/2025\/05\/WhatsApp-Image-2025-05-27-at-12.31.37-819x1024.jpeg\" alt=\"\" class=\"wp-image-1182\" \/><\/figure>\n<\/figure>","protected":false},"excerpt":{"rendered":"<p>Para m\u00e1s informaci\u00f3n, acercate a la Direcci\u00f3n de Rentas, ubicada en el Palacio Municipal. Pod\u00e9s hacerlo a partir del lunes 2 junio y hasta el jueves 31 de julio, de 07:30 a 12:30 o de 15:30 a 18:30, de lunes a viernes.<\/p>\n","protected":false},"author":2,"featured_media":2331,"comment_status":"open","ping_status":"open","sticky":false,"template":"","format":"standard","meta":{"neve_meta_sidebar":"","neve_meta_container":"","neve_meta_enable_content_width":"","neve_meta_content_width":0,"neve_meta_title_alignment":"","neve_meta_author_avatar":"","neve_post_elements_order":"","neve_meta_disable_header":"","neve_meta_disable_footer":"","neve_meta_disable_title":"","footnotes":""},"categories":[1],"tags":[],"class_list":["post-2330","post","type-post","status-publish","format-standard","has-post-thumbnail","hentry","category-sin-categoria"],"_links":{"self":[{"href":"https:\/\/victoria.gob.ar\/es\/wp-json\/wp\/v2\/posts\/2330","targetHints":{"allow":["GET"]}}],"collection":[{"href":"https:\/\/victoria.gob.ar\/es\/wp-json\/wp\/v2\/posts"}],"about":[{"href":"https:\/\/victoria.gob.ar\/es\/wp-json\/wp\/v2\/types\/post"}],"author":[{"embeddable":true,"href":"https:\/\/victoria.gob.ar\/es\/wp-json\/wp\/v2\/users\/2"}],"replies":[{"embeddable":true,"href":"https:\/\/victoria.gob.ar\/es\/wp-json\/wp\/v2\/comments?post=2330"}],"version-history":[{"count":0,"href":"https:\/\/victoria.gob.ar\/es\/wp-json\/wp\/v2\/posts\/2330\/revisions"}],"wp:featuredmedia":[{"embeddable":true,"href":"https:\/\/victoria.gob.ar\/es\/wp-json\/wp\/v2\/media\/2331"}],"wp:attachment":[{"href":"https:\/\/victoria.gob.ar\/es\/wp-json\/wp\/v2\/media?parent=2330"}],"wp:term":[{"taxonomy":"category","embeddable":true,"href":"https:\/\/victoria.gob.ar\/es\/wp-json\/wp\/v2\/categories?post=2330"},{"taxonomy":"post_tag","embeddable":true,"href":"https:\/\/victoria.gob.ar\/es\/wp-json\/wp\/v2\/tags?post=2330"}],"curies":[{"name":"wp","href":"https:\/\/api.w.org\/{rel}","templated":true}]}}