{"id":2311,"date":"2025-05-22T23:02:09","date_gmt":"2025-05-22T23:02:09","guid":{"rendered":"http:\/\/victoria.gob.ar\/es\/actividades-del-25-de-mayo-%f0%9f%87%a6%f0%9f%87%b7\/"},"modified":"2025-05-22T23:02:09","modified_gmt":"2025-05-22T23:02:09","slug":"actividades-del-25-de-mayo-%f0%9f%87%a6%f0%9f%87%b7","status":"publish","type":"post","link":"https:\/\/victoria.gob.ar\/es\/actividades-del-25-de-mayo-%f0%9f%87%a6%f0%9f%87%b7\/","title":{"rendered":"ACTIVIDADES DEL 25 DE MAYO &#x1f1e6;&#x1f1f7;"},"content":{"rendered":"<p>Lugar: Plaza San Mart\u00edn<br \/>Horario: De 10:00 a 18:00 h<\/p>\n<p>Cronograma de actividades:<\/p>\n<p>10:00 h\u2013 Solemne Te Deum en acci\u00f3n de gracias en Parroquia Bas\u00edlica \u00abNuestra Sra. de Ar\u00e1nzazu\u00bb<\/p>\n<p>12:00 h \u2013 Apertura del Patio Gastron\u00f3mico y Feria de Emprendedores Victorenses<\/p>\n<p>14:30 h\u2013 actividades oficiales por los Festejos del 25 de Mayo<\/p>\n<ul class=\"wp-block-list\">\n<li>Acto Oficial<\/li>\n<li>Peric\u00f3n nacional<\/li>\n<li>Desfile de Fuerzas de Seguridad, instituciones educativas y agrupaciones tradicionalistas.<\/li>\n<li>Inicio del festejo popular.<\/li>\n<li>Compartiremos un chocolate con torta<\/li>\n<li>Presentaci\u00f3n de Miguel \u00c1ngel Ram\u00edrez<\/li>\n<li>Show de Marcos Pereyra<\/li>\n<li>Cierre musical con Los Parroquianos<\/li>\n<\/ul>\n<p>Invitamos a toda la comunidad a participar de esta jornada de celebraci\u00f3n y a acompa\u00f1ar decorando nuestra ciudad con los colores patrios.<\/p>\n<p>Adem\u00e1s, los invitamos a saludar a las agrupaciones tradicionalistas durante su recorrido, que comenzar\u00e1 a las 14:45 h en el Prado Espa\u00f1ol (Bv. Brown y San Miguel), continuar\u00e1 por calle Espa\u00f1a hasta calle Mitre, y concluir\u00e1 en calle Rocamora hasta Plaza San Mart\u00edn, donde se rendir\u00e1 homenaje a nuestra Patria.<\/p>\n<figure class=\"wp-block-image size-large\"><img loading=\"lazy\" decoding=\"async\" width=\"819\" height=\"1024\" src=\"https:\/\/victoria.gob.ar\/prensa\/wp-content\/uploads\/2025\/05\/1000792097-819x1024.jpg\" alt=\"\" class=\"wp-image-1165\" \/><\/figure>\n<figure class=\"wp-block-image size-large\"><img loading=\"lazy\" decoding=\"async\" width=\"819\" height=\"1024\" src=\"https:\/\/victoria.gob.ar\/prensa\/wp-content\/uploads\/2025\/05\/1000792098-819x1024.jpg\" alt=\"\" class=\"wp-image-1166\" \/><\/figure>","protected":false},"excerpt":{"rendered":"<p>Lugar: Plaza San Mart\u00ednHorario: De 10:00 a 18:00 h Cronograma de actividades: 10:00 h\u2013 Solemne Te Deum en acci\u00f3n de gracias en Parroquia Bas\u00edlica \u00abNuestra Sra. de Ar\u00e1nzazu\u00bb 12:00 h \u2013 Apertura del Patio Gastron\u00f3mico y Feria de Emprendedores Victorenses 14:30 h\u2013 actividades oficiales por los Festejos del 25 de Mayo Acto Oficial Peric\u00f3n nacional&hellip;&nbsp;<a href=\"https:\/\/victoria.gob.ar\/es\/actividades-del-25-de-mayo-%f0%9f%87%a6%f0%9f%87%b7\/\" rel=\"bookmark\"><span class=\"screen-reader-text\">ACTIVIDADES DEL 25 DE MAYO &#x1f1e6;&#x1f1f7;<\/span><\/a><\/p>\n","protected":false},"author":2,"featured_media":2312,"comment_status":"open","ping_status":"open","sticky":false,"template":"","format":"standard","meta":{"neve_meta_sidebar":"","neve_meta_container":"","neve_meta_enable_content_width":"","neve_meta_content_width":0,"neve_meta_title_alignment":"","neve_meta_author_avatar":"","neve_post_elements_order":"","neve_meta_disable_header":"","neve_meta_disable_footer":"","neve_meta_disable_title":"","footnotes":""},"categories":[1],"tags":[],"class_list":["post-2311","post","type-post","status-publish","format-standard","has-post-thumbnail","hentry","category-sin-categoria"],"_links":{"self":[{"href":"https:\/\/victoria.gob.ar\/es\/wp-json\/wp\/v2\/posts\/2311","targetHints":{"allow":["GET"]}}],"collection":[{"href":"https:\/\/victoria.gob.ar\/es\/wp-json\/wp\/v2\/posts"}],"about":[{"href":"https:\/\/victoria.gob.ar\/es\/wp-json\/wp\/v2\/types\/post"}],"author":[{"embeddable":true,"href":"https:\/\/victoria.gob.ar\/es\/wp-json\/wp\/v2\/users\/2"}],"replies":[{"embeddable":true,"href":"https:\/\/victoria.gob.ar\/es\/wp-json\/wp\/v2\/comments?post=2311"}],"version-history":[{"count":0,"href":"https:\/\/victoria.gob.ar\/es\/wp-json\/wp\/v2\/posts\/2311\/revisions"}],"wp:featuredmedia":[{"embeddable":true,"href":"https:\/\/victoria.gob.ar\/es\/wp-json\/wp\/v2\/media\/2312"}],"wp:attachment":[{"href":"https:\/\/victoria.gob.ar\/es\/wp-json\/wp\/v2\/media?parent=2311"}],"wp:term":[{"taxonomy":"category","embeddable":true,"href":"https:\/\/victoria.gob.ar\/es\/wp-json\/wp\/v2\/categories?post=2311"},{"taxonomy":"post_tag","embeddable":true,"href":"https:\/\/victoria.gob.ar\/es\/wp-json\/wp\/v2\/tags?post=2311"}],"curies":[{"name":"wp","href":"https:\/\/api.w.org\/{rel}","templated":true}]}}