{"id":2284,"date":"2025-05-08T12:13:33","date_gmt":"2025-05-08T12:13:33","guid":{"rendered":"http:\/\/victoria.gob.ar\/es\/continuan-las-actividades-didacticas-en-la-biblioteca-municipal-%f0%9f%93%96\/"},"modified":"2025-05-08T12:13:33","modified_gmt":"2025-05-08T12:13:33","slug":"continuan-las-actividades-didacticas-en-la-biblioteca-municipal-%f0%9f%93%96","status":"publish","type":"post","link":"https:\/\/victoria.gob.ar\/es\/continuan-las-actividades-didacticas-en-la-biblioteca-municipal-%f0%9f%93%96\/","title":{"rendered":"CONTIN\u00daAN LAS ACTIVIDADES DID\u00c1CTICAS EN LA BIBLIOTECA MUNICIPAL &#x1f4d6;"},"content":{"rendered":"<p>La Municipalidad de Victoria abri\u00f3 las puertas de la Biblioteca Municipal \u201cDomingo Faustino Sarmiento\u201d en horario nocturno especial para estudiante de la ESJA Nro. 4 \u201cManuel P. Antequeda\u201d. Como los alumnos cursan de noche, se realiz\u00f3 esta actividad especial para poder compartir actividades did\u00e1cticas enfocadas en explorar libros e incentivar la lectura.<\/p>\n<p>La biblioteca municipal est\u00e1 ubicada en <img decoding=\"async\" src=\"https:\/\/s.w.org\/images\/core\/emoji\/15.1.0\/72x72\/1f4cd.png\" alt=\"&#x1f4cd;\" class=\"wp-smiley\" \/> 9 de Julio y Piaggio, y funciona normalmente en el horario de <img decoding=\"async\" src=\"https:\/\/s.w.org\/images\/core\/emoji\/15.1.0\/72x72\/231a.png\" alt=\"&#x231a;\" class=\"wp-smiley\" \/> 07:00 a 19:00. Los requisitos para hacerse socio son: llevar fotocopia del DNI y fotocopia de un servicio.<\/p>\n<figure class=\"wp-block-gallery has-nested-images columns-default is-cropped wp-block-gallery-2 is-layout-flex wp-block-gallery-is-layout-flex\">\n<figure class=\"wp-block-image size-large\"><img decoding=\"async\" loading=\"lazy\" width=\"1024\" height=\"682\" data-id=\"1096\" src=\"https:\/\/victoria.gob.ar\/prensa\/wp-content\/uploads\/2025\/05\/WhatsApp-Image-2025-05-07-at-21.41.43-2-1024x682.jpeg\" alt=\"\" class=\"wp-image-1096\" \/><\/figure>\n<figure class=\"wp-block-image size-large\"><img decoding=\"async\" loading=\"lazy\" width=\"1024\" height=\"682\" data-id=\"1099\" src=\"https:\/\/victoria.gob.ar\/prensa\/wp-content\/uploads\/2025\/05\/WhatsApp-Image-2025-05-07-at-21.41.43-1-1024x682.jpeg\" alt=\"\" class=\"wp-image-1099\" \/><\/figure>\n<figure class=\"wp-block-image size-large\"><img decoding=\"async\" loading=\"lazy\" width=\"1024\" height=\"682\" data-id=\"1098\" src=\"https:\/\/victoria.gob.ar\/prensa\/wp-content\/uploads\/2025\/05\/WhatsApp-Image-2025-05-07-at-21.41.43-1024x682.jpeg\" alt=\"\" class=\"wp-image-1098\" \/><\/figure>\n<figure class=\"wp-block-image size-large\"><img decoding=\"async\" loading=\"lazy\" width=\"1024\" height=\"682\" data-id=\"1097\" src=\"https:\/\/victoria.gob.ar\/prensa\/wp-content\/uploads\/2025\/05\/WhatsApp-Image-2025-05-07-at-21.41.42-1024x682.jpeg\" alt=\"\" class=\"wp-image-1097\" \/><\/figure>\n<\/figure>","protected":false},"excerpt":{"rendered":"<p>La Municipalidad de Victoria abri\u00f3 las puertas de la Biblioteca Municipal \u201cDomingo Faustino Sarmiento\u201d en horario nocturno especial para estudiante de la ESJA Nro. 4 \u201cManuel P. Antequeda\u201d. Como los alumnos cursan de noche, se realiz\u00f3 esta actividad especial para poder compartir actividades did\u00e1cticas enfocadas en explorar libros e incentivar la lectura. La biblioteca municipal&hellip;&nbsp;<a href=\"https:\/\/victoria.gob.ar\/es\/continuan-las-actividades-didacticas-en-la-biblioteca-municipal-%f0%9f%93%96\/\" rel=\"bookmark\"><span class=\"screen-reader-text\">CONTIN\u00daAN LAS ACTIVIDADES DID\u00c1CTICAS EN LA BIBLIOTECA MUNICIPAL &#x1f4d6;<\/span><\/a><\/p>\n","protected":false},"author":2,"featured_media":2285,"comment_status":"open","ping_status":"open","sticky":false,"template":"","format":"standard","meta":{"neve_meta_sidebar":"","neve_meta_container":"","neve_meta_enable_content_width":"","neve_meta_content_width":0,"neve_meta_title_alignment":"","neve_meta_author_avatar":"","neve_post_elements_order":"","neve_meta_disable_header":"","neve_meta_disable_footer":"","neve_meta_disable_title":"","footnotes":""},"categories":[1],"tags":[],"class_list":["post-2284","post","type-post","status-publish","format-standard","has-post-thumbnail","hentry","category-sin-categoria"],"_links":{"self":[{"href":"https:\/\/victoria.gob.ar\/es\/wp-json\/wp\/v2\/posts\/2284","targetHints":{"allow":["GET"]}}],"collection":[{"href":"https:\/\/victoria.gob.ar\/es\/wp-json\/wp\/v2\/posts"}],"about":[{"href":"https:\/\/victoria.gob.ar\/es\/wp-json\/wp\/v2\/types\/post"}],"author":[{"embeddable":true,"href":"https:\/\/victoria.gob.ar\/es\/wp-json\/wp\/v2\/users\/2"}],"replies":[{"embeddable":true,"href":"https:\/\/victoria.gob.ar\/es\/wp-json\/wp\/v2\/comments?post=2284"}],"version-history":[{"count":0,"href":"https:\/\/victoria.gob.ar\/es\/wp-json\/wp\/v2\/posts\/2284\/revisions"}],"wp:featuredmedia":[{"embeddable":true,"href":"https:\/\/victoria.gob.ar\/es\/wp-json\/wp\/v2\/media\/2285"}],"wp:attachment":[{"href":"https:\/\/victoria.gob.ar\/es\/wp-json\/wp\/v2\/media?parent=2284"}],"wp:term":[{"taxonomy":"category","embeddable":true,"href":"https:\/\/victoria.gob.ar\/es\/wp-json\/wp\/v2\/categories?post=2284"},{"taxonomy":"post_tag","embeddable":true,"href":"https:\/\/victoria.gob.ar\/es\/wp-json\/wp\/v2\/tags?post=2284"}],"curies":[{"name":"wp","href":"https:\/\/api.w.org\/{rel}","templated":true}]}}