{"id":2280,"date":"2025-05-08T12:16:05","date_gmt":"2025-05-08T12:16:05","guid":{"rendered":"http:\/\/victoria.gob.ar\/es\/boleto-estudiantil-gratuito\/"},"modified":"2025-05-08T12:16:05","modified_gmt":"2025-05-08T12:16:05","slug":"boleto-estudiantil-gratuito","status":"publish","type":"post","link":"https:\/\/victoria.gob.ar\/es\/boleto-estudiantil-gratuito\/","title":{"rendered":"BOLETO ESTUDIANTIL GRATUITO:"},"content":{"rendered":"<p>Si sos estudiante y vecino del Cuarto Cuartel, \u00a1el martes 6 de mayo vas a poder tramitar tu boleto gratuito del Transporte Urbano Municipal (TUM)!<\/p>\n<p><img decoding=\"async\" src=\"https:\/\/s.w.org\/images\/core\/emoji\/15.1.0\/72x72\/1f4cc.png\" alt=\"&#x1f4cc;\" class=\"wp-smiley\" \/> \u00bfD\u00f3nde realizo el tr\u00e1mite?<br \/><img decoding=\"async\" src=\"https:\/\/s.w.org\/images\/core\/emoji\/15.1.0\/72x72\/1f4cd.png\" alt=\"&#x1f4cd;\" class=\"wp-smiley\" \/> Centro Integrador Comunitario (Cochabamba y Passo) de 07:30 a 10:30 h y de 13:30 a 16:30 h.<\/p>\n<p><img decoding=\"async\" src=\"https:\/\/s.w.org\/images\/core\/emoji\/15.1.0\/72x72\/1f4c4.png\" alt=\"&#x1f4c4;\" class=\"wp-smiley\" \/> Documentaci\u00f3n necesaria:<br \/><img decoding=\"async\" src=\"https:\/\/s.w.org\/images\/core\/emoji\/15.1.0\/72x72\/2714.png\" alt=\"&#x2714;\" class=\"wp-smiley\" \/> Constancia de alumno regular (ciclo lectivo 2025)<br \/><img decoding=\"async\" src=\"https:\/\/s.w.org\/images\/core\/emoji\/15.1.0\/72x72\/2714.png\" alt=\"&#x2714;\" class=\"wp-smiley\" \/> Fotocopia del DNI<\/p>\n<figure class=\"wp-block-image size-large\"><img decoding=\"async\" loading=\"lazy\" width=\"819\" height=\"1024\" src=\"https:\/\/victoria.gob.ar\/prensa\/wp-content\/uploads\/2025\/05\/WhatsApp-Image-2025-05-05-at-20.05.44-819x1024.jpeg\" alt=\"\" class=\"wp-image-1107\" \/><\/figure>","protected":false},"excerpt":{"rendered":"<p>Si sos estudiante y vecino del Cuarto Cuartel, \u00a1el martes 6 de mayo vas a poder tramitar tu boleto gratuito del Transporte Urbano Municipal (TUM)! \u00bfD\u00f3nde realizo el tr\u00e1mite? Centro Integrador Comunitario (Cochabamba y Passo) de 07:30 a 10:30 h y de 13:30 a 16:30 h. Documentaci\u00f3n necesaria: Constancia de alumno regular (ciclo lectivo 2025)&hellip;&nbsp;<a href=\"https:\/\/victoria.gob.ar\/es\/boleto-estudiantil-gratuito\/\" rel=\"bookmark\"><span class=\"screen-reader-text\">BOLETO ESTUDIANTIL GRATUITO:<\/span><\/a><\/p>\n","protected":false},"author":2,"featured_media":2281,"comment_status":"open","ping_status":"open","sticky":false,"template":"","format":"standard","meta":{"neve_meta_sidebar":"","neve_meta_container":"","neve_meta_enable_content_width":"","neve_meta_content_width":0,"neve_meta_title_alignment":"","neve_meta_author_avatar":"","neve_post_elements_order":"","neve_meta_disable_header":"","neve_meta_disable_footer":"","neve_meta_disable_title":"","footnotes":""},"categories":[1],"tags":[],"class_list":["post-2280","post","type-post","status-publish","format-standard","has-post-thumbnail","hentry","category-sin-categoria"],"_links":{"self":[{"href":"https:\/\/victoria.gob.ar\/es\/wp-json\/wp\/v2\/posts\/2280","targetHints":{"allow":["GET"]}}],"collection":[{"href":"https:\/\/victoria.gob.ar\/es\/wp-json\/wp\/v2\/posts"}],"about":[{"href":"https:\/\/victoria.gob.ar\/es\/wp-json\/wp\/v2\/types\/post"}],"author":[{"embeddable":true,"href":"https:\/\/victoria.gob.ar\/es\/wp-json\/wp\/v2\/users\/2"}],"replies":[{"embeddable":true,"href":"https:\/\/victoria.gob.ar\/es\/wp-json\/wp\/v2\/comments?post=2280"}],"version-history":[{"count":0,"href":"https:\/\/victoria.gob.ar\/es\/wp-json\/wp\/v2\/posts\/2280\/revisions"}],"wp:featuredmedia":[{"embeddable":true,"href":"https:\/\/victoria.gob.ar\/es\/wp-json\/wp\/v2\/media\/2281"}],"wp:attachment":[{"href":"https:\/\/victoria.gob.ar\/es\/wp-json\/wp\/v2\/media?parent=2280"}],"wp:term":[{"taxonomy":"category","embeddable":true,"href":"https:\/\/victoria.gob.ar\/es\/wp-json\/wp\/v2\/categories?post=2280"},{"taxonomy":"post_tag","embeddable":true,"href":"https:\/\/victoria.gob.ar\/es\/wp-json\/wp\/v2\/tags?post=2280"}],"curies":[{"name":"wp","href":"https:\/\/api.w.org\/{rel}","templated":true}]}}