{"id":2244,"date":"2025-04-28T00:12:42","date_gmt":"2025-04-28T00:12:42","guid":{"rendered":"http:\/\/victoria.gob.ar\/es\/presupuesto-participativo-2025-reunion-informativa-en-el-primer-cuartel\/"},"modified":"2025-04-28T00:12:42","modified_gmt":"2025-04-28T00:12:42","slug":"presupuesto-participativo-2025-reunion-informativa-en-el-primer-cuartel","status":"publish","type":"post","link":"https:\/\/victoria.gob.ar\/es\/presupuesto-participativo-2025-reunion-informativa-en-el-primer-cuartel\/","title":{"rendered":"PRESUPUESTO PARTICIPATIVO 2025: REUNI\u00d3N INFORMATIVA EN EL PRIMER CUARTEL"},"content":{"rendered":"<p>Hoy, la Municipalidad de Victoria realiz\u00f3 la primera reuni\u00f3n informativa del Presupuesto Participativo 2025. Comenz\u00f3 a las 16:00 h, en  el Centro Deportivo y Social Malvinas Argentinas (V. L\u00f3pez y Marcos Paz), para vecinos de la Zona 1 (Primer Cuartel).<\/p>\n<p> En el encuentro, se detall\u00f3 la mec\u00e1nica del Programa y se entregaron planillas de presentaci\u00f3n de proyectos. Asimismo, se despejaron dudas sobre c\u00f3mo armar un proyecto.<\/p>\n<p>M\u00e1s informaci\u00f3n y contacto a trav\u00e9s del<img decoding=\"async\" src=\"https:\/\/s.w.org\/images\/core\/emoji\/15.1.0\/72x72\/1f4f1.png\" alt=\"&#x1f4f1;\" class=\"wp-smiley\" \/> 3436 411100.<\/p>\n<figure class=\"wp-block-gallery has-nested-images columns-default is-cropped wp-block-gallery-1 is-layout-flex wp-block-gallery-is-layout-flex\">\n<figure class=\"wp-block-image size-large\"><img loading=\"lazy\" decoding=\"async\" width=\"1024\" height=\"682\" data-id=\"1058\" src=\"https:\/\/victoria.gob.ar\/prensa\/wp-content\/uploads\/2025\/04\/WhatsApp-Image-2025-04-26-at-20.18.44-2-1024x682.jpeg\" alt=\"\" class=\"wp-image-1058\" \/><\/figure>\n<figure class=\"wp-block-image size-large\"><img loading=\"lazy\" decoding=\"async\" width=\"1024\" height=\"682\" data-id=\"1057\" src=\"https:\/\/victoria.gob.ar\/prensa\/wp-content\/uploads\/2025\/04\/WhatsApp-Image-2025-04-26-at-20.18.44-1-1024x682.jpeg\" alt=\"\" class=\"wp-image-1057\" \/><\/figure>\n<figure class=\"wp-block-image size-large\"><img loading=\"lazy\" decoding=\"async\" width=\"1024\" height=\"682\" data-id=\"1059\" src=\"https:\/\/victoria.gob.ar\/prensa\/wp-content\/uploads\/2025\/04\/WhatsApp-Image-2025-04-26-at-20.18.44-1024x682.jpeg\" alt=\"\" class=\"wp-image-1059\" \/><\/figure>\n<figure class=\"wp-block-image size-large\"><img decoding=\"async\" loading=\"lazy\" width=\"1024\" height=\"682\" data-id=\"1060\" src=\"https:\/\/victoria.gob.ar\/prensa\/wp-content\/uploads\/2025\/04\/WhatsApp-Image-2025-04-26-at-20.18.43-1-1024x682.jpeg\" alt=\"\" class=\"wp-image-1060\" \/><\/figure>\n<figure class=\"wp-block-image size-large\"><img decoding=\"async\" loading=\"lazy\" width=\"1024\" height=\"682\" data-id=\"1061\" src=\"https:\/\/victoria.gob.ar\/prensa\/wp-content\/uploads\/2025\/04\/WhatsApp-Image-2025-04-26-at-20.18.43-1024x682.jpeg\" alt=\"\" class=\"wp-image-1061\" \/><\/figure>\n<\/figure>","protected":false},"excerpt":{"rendered":"<p>Hoy, la Municipalidad de Victoria realiz\u00f3 la primera reuni\u00f3n informativa del Presupuesto Participativo 2025. Comenz\u00f3 a las 16:00 h, en el Centro Deportivo y Social Malvinas Argentinas (V. L\u00f3pez y Marcos Paz), para vecinos de la Zona 1 (Primer Cuartel). En el encuentro, se detall\u00f3 la mec\u00e1nica del Programa y se entregaron planillas de presentaci\u00f3n&hellip;&nbsp;<a href=\"https:\/\/victoria.gob.ar\/es\/presupuesto-participativo-2025-reunion-informativa-en-el-primer-cuartel\/\" rel=\"bookmark\"><span class=\"screen-reader-text\">PRESUPUESTO PARTICIPATIVO 2025: REUNI\u00d3N INFORMATIVA EN EL PRIMER CUARTEL<\/span><\/a><\/p>\n","protected":false},"author":2,"featured_media":2245,"comment_status":"open","ping_status":"open","sticky":false,"template":"","format":"standard","meta":{"neve_meta_sidebar":"","neve_meta_container":"","neve_meta_enable_content_width":"","neve_meta_content_width":0,"neve_meta_title_alignment":"","neve_meta_author_avatar":"","neve_post_elements_order":"","neve_meta_disable_header":"","neve_meta_disable_footer":"","neve_meta_disable_title":"","footnotes":""},"categories":[1],"tags":[],"class_list":["post-2244","post","type-post","status-publish","format-standard","has-post-thumbnail","hentry","category-sin-categoria"],"_links":{"self":[{"href":"https:\/\/victoria.gob.ar\/es\/wp-json\/wp\/v2\/posts\/2244","targetHints":{"allow":["GET"]}}],"collection":[{"href":"https:\/\/victoria.gob.ar\/es\/wp-json\/wp\/v2\/posts"}],"about":[{"href":"https:\/\/victoria.gob.ar\/es\/wp-json\/wp\/v2\/types\/post"}],"author":[{"embeddable":true,"href":"https:\/\/victoria.gob.ar\/es\/wp-json\/wp\/v2\/users\/2"}],"replies":[{"embeddable":true,"href":"https:\/\/victoria.gob.ar\/es\/wp-json\/wp\/v2\/comments?post=2244"}],"version-history":[{"count":0,"href":"https:\/\/victoria.gob.ar\/es\/wp-json\/wp\/v2\/posts\/2244\/revisions"}],"wp:featuredmedia":[{"embeddable":true,"href":"https:\/\/victoria.gob.ar\/es\/wp-json\/wp\/v2\/media\/2245"}],"wp:attachment":[{"href":"https:\/\/victoria.gob.ar\/es\/wp-json\/wp\/v2\/media?parent=2244"}],"wp:term":[{"taxonomy":"category","embeddable":true,"href":"https:\/\/victoria.gob.ar\/es\/wp-json\/wp\/v2\/categories?post=2244"},{"taxonomy":"post_tag","embeddable":true,"href":"https:\/\/victoria.gob.ar\/es\/wp-json\/wp\/v2\/tags?post=2244"}],"curies":[{"name":"wp","href":"https:\/\/api.w.org\/{rel}","templated":true}]}}