{"id":2238,"date":"2025-04-24T11:26:38","date_gmt":"2025-04-24T11:26:38","guid":{"rendered":"http:\/\/victoria.gob.ar\/es\/malvinas-educacion-y-valores\/"},"modified":"2025-04-24T11:26:38","modified_gmt":"2025-04-24T11:26:38","slug":"malvinas-educacion-y-valores","status":"publish","type":"post","link":"https:\/\/victoria.gob.ar\/es\/malvinas-educacion-y-valores\/","title":{"rendered":"MALVINAS, EDUCACI\u00d3N Y VALORES"},"content":{"rendered":"<p>Los veteranos Esteban Tries, Jos\u00e9 Cruz, Jorge Sabbagh, Luis Ricardo Giorgi y Marcelo Aceto brindaron hoy una charla libre y gratuita en el Cine Teatro Victoria, organizada desde la municipalidad en el marco de las actividades programadas en conmemoraci\u00f3n a los 43 a\u00f1os de la Guerra de Malvinas. Se trat\u00f3 de un encuentro motivacional, testimonial y de liderazgo. Adem\u00e1s, complement\u00f3 el encuentro una muestra fotogr\u00e1fica de im\u00e1genes originales propias de la Asociaci\u00f3n \u201cMalvinas, Educaci\u00f3n y Valores\u201d.<\/p>\n<p>La presidente municipal, Isa Castagnino, acompa\u00f1\u00f3 el evento y realiz\u00f3 una entrega de presentes de reconocimiento. Asisti\u00f3 una gran cantidad de vecinos compuestos mayoritariamente por docentes, estudiantes e integrantes de las fuerzas de seguridad.<\/p>\n<p>El p\u00fablico se conmovi\u00f3 hasta las l\u00e1grimas con los testimonios de los veteranos. A trav\u00e9s de este tipo de iniciativas, la Municipalidad de Victoria desarroll\u00f3 una agenda durante abril para conmemorar la Guerra de Malvinas, honrar a nuestros veteranos y dejar en claro que las Malvinas fueron, son y ser\u00e1n siempre argentinas.<\/p>\n<p>Sobre los disertantes<\/p>\n<p>Esteban Tries, soldado del Regimiento 3 de Infanter\u00eda que estuvo en combate y llev\u00f3 a su sargento herido 10 km.<br \/>Jos\u00e9 Cruz, Infanter\u00eda de Marina Secci\u00f3n Perros de Guerra en la monta\u00f1a de Malvinas.<br \/>Jorge Sabbagh, suboficial de la Fuerza A\u00e9rea Argentina en el aeropuerto de Puerto Argentino.<br \/>Adem\u00e1s, se sumaron los veteranos Luis Ricardo Giorgi y Marcelo Aceto.<\/p>\n<figure class=\"wp-block-gallery has-nested-images columns-default is-cropped wp-block-gallery-2 is-layout-flex wp-block-gallery-is-layout-flex\">\n<figure class=\"wp-block-image size-large\"><img decoding=\"async\" loading=\"lazy\" width=\"1024\" height=\"682\" data-id=\"1012\" src=\"https:\/\/victoria.gob.ar\/prensa\/wp-content\/uploads\/2025\/04\/WhatsApp-Image-2025-04-23-at-18.41.38-1-1024x682.jpeg\" alt=\"\" class=\"wp-image-1012\" \/><\/figure>\n<figure class=\"wp-block-image size-large\"><img decoding=\"async\" loading=\"lazy\" width=\"1024\" height=\"682\" data-id=\"1014\" src=\"https:\/\/victoria.gob.ar\/prensa\/wp-content\/uploads\/2025\/04\/WhatsApp-Image-2025-04-23-at-18.41.38-1024x682.jpeg\" alt=\"\" class=\"wp-image-1014\" \/><\/figure>\n<figure class=\"wp-block-image size-large\"><img decoding=\"async\" loading=\"lazy\" width=\"1024\" height=\"682\" data-id=\"1015\" src=\"https:\/\/victoria.gob.ar\/prensa\/wp-content\/uploads\/2025\/04\/WhatsApp-Image-2025-04-23-at-18.41.37-3-1024x682.jpeg\" alt=\"\" class=\"wp-image-1015\" \/><\/figure>\n<figure class=\"wp-block-image size-large\"><img decoding=\"async\" loading=\"lazy\" width=\"1024\" height=\"682\" data-id=\"1016\" src=\"https:\/\/victoria.gob.ar\/prensa\/wp-content\/uploads\/2025\/04\/WhatsApp-Image-2025-04-23-at-18.41.37-2-1024x682.jpeg\" alt=\"\" class=\"wp-image-1016\" \/><\/figure>\n<figure class=\"wp-block-image size-large\"><img decoding=\"async\" loading=\"lazy\" width=\"1024\" height=\"682\" data-id=\"1022\" src=\"https:\/\/victoria.gob.ar\/prensa\/wp-content\/uploads\/2025\/04\/WhatsApp-Image-2025-04-23-at-18.41.37-1-1024x682.jpeg\" alt=\"\" class=\"wp-image-1022\" \/><\/figure>\n<figure class=\"wp-block-image size-large\"><img decoding=\"async\" loading=\"lazy\" width=\"1024\" height=\"682\" data-id=\"1017\" src=\"https:\/\/victoria.gob.ar\/prensa\/wp-content\/uploads\/2025\/04\/WhatsApp-Image-2025-04-23-at-18.41.37-1024x682.jpeg\" alt=\"\" class=\"wp-image-1017\" \/><\/figure>\n<figure class=\"wp-block-image size-large\"><img decoding=\"async\" loading=\"lazy\" width=\"1024\" height=\"682\" data-id=\"1018\" src=\"https:\/\/victoria.gob.ar\/prensa\/wp-content\/uploads\/2025\/04\/WhatsApp-Image-2025-04-23-at-18.41.35-2-1024x682.jpeg\" alt=\"\" class=\"wp-image-1018\" \/><\/figure>\n<figure class=\"wp-block-image size-large\"><img decoding=\"async\" loading=\"lazy\" width=\"1024\" height=\"682\" data-id=\"1013\" src=\"https:\/\/victoria.gob.ar\/prensa\/wp-content\/uploads\/2025\/04\/WhatsApp-Image-2025-04-23-at-18.41.35-1-1024x682.jpeg\" alt=\"\" class=\"wp-image-1013\" \/><\/figure>\n<figure class=\"wp-block-image size-large\"><img decoding=\"async\" loading=\"lazy\" width=\"1024\" height=\"682\" data-id=\"1020\" src=\"https:\/\/victoria.gob.ar\/prensa\/wp-content\/uploads\/2025\/04\/WhatsApp-Image-2025-04-23-at-18.41.35-1024x682.jpeg\" alt=\"\" class=\"wp-image-1020\" \/><\/figure>\n<figure class=\"wp-block-image size-large\"><img decoding=\"async\" loading=\"lazy\" width=\"1024\" height=\"682\" data-id=\"1025\" src=\"https:\/\/victoria.gob.ar\/prensa\/wp-content\/uploads\/2025\/04\/WhatsApp-Image-2025-04-23-at-18.41.34-1024x682.jpeg\" alt=\"\" class=\"wp-image-1025\" \/><\/figure>\n<figure class=\"wp-block-image size-large\"><img decoding=\"async\" loading=\"lazy\" width=\"1024\" height=\"682\" data-id=\"1026\" src=\"https:\/\/victoria.gob.ar\/prensa\/wp-content\/uploads\/2025\/04\/WhatsApp-Image-2025-04-23-at-18.41.33-2-1024x682.jpeg\" alt=\"\" class=\"wp-image-1026\" \/><\/figure>\n<figure class=\"wp-block-image size-large\"><img decoding=\"async\" loading=\"lazy\" width=\"1024\" height=\"682\" data-id=\"1029\" src=\"https:\/\/victoria.gob.ar\/prensa\/wp-content\/uploads\/2025\/04\/WhatsApp-Image-2025-04-23-at-18.41.33-1-1024x682.jpeg\" alt=\"\" class=\"wp-image-1029\" \/><\/figure>\n<figure class=\"wp-block-image size-large\"><img decoding=\"async\" loading=\"lazy\" width=\"1024\" height=\"682\" data-id=\"1023\" src=\"https:\/\/victoria.gob.ar\/prensa\/wp-content\/uploads\/2025\/04\/WhatsApp-Image-2025-04-23-at-18.41.33-1024x682.jpeg\" alt=\"\" class=\"wp-image-1023\" \/><\/figure>\n<figure class=\"wp-block-image size-large\"><img decoding=\"async\" loading=\"lazy\" width=\"1024\" height=\"682\" data-id=\"1027\" src=\"https:\/\/victoria.gob.ar\/prensa\/wp-content\/uploads\/2025\/04\/WhatsApp-Image-2025-04-23-at-18.41.32-1-1024x682.jpeg\" alt=\"\" class=\"wp-image-1027\" \/><\/figure>\n<figure class=\"wp-block-image size-large\"><img decoding=\"async\" loading=\"lazy\" width=\"1024\" height=\"682\" data-id=\"1032\" src=\"https:\/\/victoria.gob.ar\/prensa\/wp-content\/uploads\/2025\/04\/WhatsApp-Image-2025-04-23-at-18.41.32-1024x682.jpeg\" alt=\"\" class=\"wp-image-1032\" \/><\/figure>\n<figure class=\"wp-block-image size-large\"><img decoding=\"async\" loading=\"lazy\" width=\"1024\" height=\"682\" data-id=\"1031\" src=\"https:\/\/victoria.gob.ar\/prensa\/wp-content\/uploads\/2025\/04\/WhatsApp-Image-2025-04-23-at-18.41.31-2-1024x682.jpeg\" alt=\"\" class=\"wp-image-1031\" \/><\/figure>\n<figure class=\"wp-block-image size-large\"><img decoding=\"async\" loading=\"lazy\" width=\"1024\" height=\"682\" data-id=\"1030\" src=\"https:\/\/victoria.gob.ar\/prensa\/wp-content\/uploads\/2025\/04\/WhatsApp-Image-2025-04-23-at-18.41.31-1-1024x682.jpeg\" alt=\"\" class=\"wp-image-1030\" \/><\/figure>\n<figure class=\"wp-block-image size-large\"><img decoding=\"async\" loading=\"lazy\" width=\"1024\" height=\"682\" data-id=\"1028\" src=\"https:\/\/victoria.gob.ar\/prensa\/wp-content\/uploads\/2025\/04\/WhatsApp-Image-2025-04-23-at-18.41.31-1024x682.jpeg\" alt=\"\" class=\"wp-image-1028\" \/><\/figure>\n<figure class=\"wp-block-image size-large\"><img decoding=\"async\" loading=\"lazy\" width=\"1024\" height=\"682\" data-id=\"1024\" src=\"https:\/\/victoria.gob.ar\/prensa\/wp-content\/uploads\/2025\/04\/WhatsApp-Image-2025-04-23-at-18.41.30-1-1024x682.jpeg\" alt=\"\" class=\"wp-image-1024\" \/><\/figure>\n<figure class=\"wp-block-image size-large\"><img decoding=\"async\" loading=\"lazy\" width=\"1024\" height=\"682\" data-id=\"1019\" src=\"https:\/\/victoria.gob.ar\/prensa\/wp-content\/uploads\/2025\/04\/WhatsApp-Image-2025-04-23-at-18.41.30-1024x682.jpeg\" alt=\"\" class=\"wp-image-1019\" \/><\/figure>\n<figure class=\"wp-block-image size-large\"><img decoding=\"async\" loading=\"lazy\" width=\"1024\" height=\"682\" data-id=\"1021\" src=\"https:\/\/victoria.gob.ar\/prensa\/wp-content\/uploads\/2025\/04\/WhatsApp-Image-2025-04-23-at-18.41.29-1024x682.jpeg\" alt=\"\" class=\"wp-image-1021\" \/><\/figure>\n<\/figure>","protected":false},"excerpt":{"rendered":"<p>Los veteranos Esteban Tries, Jos\u00e9 Cruz, Jorge Sabbagh, Luis Ricardo Giorgi y Marcelo Aceto brindaron hoy una charla libre y gratuita en el Cine Teatro Victoria, organizada desde la municipalidad en el marco de las actividades programadas en conmemoraci\u00f3n a los 43 a\u00f1os de la Guerra de Malvinas. Se trat\u00f3 de un encuentro motivacional, testimonial&hellip;&nbsp;<a href=\"https:\/\/victoria.gob.ar\/es\/malvinas-educacion-y-valores\/\" rel=\"bookmark\"><span class=\"screen-reader-text\">MALVINAS, EDUCACI\u00d3N Y VALORES<\/span><\/a><\/p>\n","protected":false},"author":2,"featured_media":2239,"comment_status":"open","ping_status":"open","sticky":false,"template":"","format":"standard","meta":{"neve_meta_sidebar":"","neve_meta_container":"","neve_meta_enable_content_width":"","neve_meta_content_width":0,"neve_meta_title_alignment":"","neve_meta_author_avatar":"","neve_post_elements_order":"","neve_meta_disable_header":"","neve_meta_disable_footer":"","neve_meta_disable_title":"","footnotes":""},"categories":[1],"tags":[],"class_list":["post-2238","post","type-post","status-publish","format-standard","has-post-thumbnail","hentry","category-sin-categoria"],"_links":{"self":[{"href":"https:\/\/victoria.gob.ar\/es\/wp-json\/wp\/v2\/posts\/2238","targetHints":{"allow":["GET"]}}],"collection":[{"href":"https:\/\/victoria.gob.ar\/es\/wp-json\/wp\/v2\/posts"}],"about":[{"href":"https:\/\/victoria.gob.ar\/es\/wp-json\/wp\/v2\/types\/post"}],"author":[{"embeddable":true,"href":"https:\/\/victoria.gob.ar\/es\/wp-json\/wp\/v2\/users\/2"}],"replies":[{"embeddable":true,"href":"https:\/\/victoria.gob.ar\/es\/wp-json\/wp\/v2\/comments?post=2238"}],"version-history":[{"count":0,"href":"https:\/\/victoria.gob.ar\/es\/wp-json\/wp\/v2\/posts\/2238\/revisions"}],"wp:featuredmedia":[{"embeddable":true,"href":"https:\/\/victoria.gob.ar\/es\/wp-json\/wp\/v2\/media\/2239"}],"wp:attachment":[{"href":"https:\/\/victoria.gob.ar\/es\/wp-json\/wp\/v2\/media?parent=2238"}],"wp:term":[{"taxonomy":"category","embeddable":true,"href":"https:\/\/victoria.gob.ar\/es\/wp-json\/wp\/v2\/categories?post=2238"},{"taxonomy":"post_tag","embeddable":true,"href":"https:\/\/victoria.gob.ar\/es\/wp-json\/wp\/v2\/tags?post=2238"}],"curies":[{"name":"wp","href":"https:\/\/api.w.org\/{rel}","templated":true}]}}