{"id":2236,"date":"2025-04-24T11:31:51","date_gmt":"2025-04-24T11:31:51","guid":{"rendered":"http:\/\/victoria.gob.ar\/es\/se-asfalto-calle-gobernador-sola-entre-hernandarias-y-hornos\/"},"modified":"2025-04-24T11:31:51","modified_gmt":"2025-04-24T11:31:51","slug":"se-asfalto-calle-gobernador-sola-entre-hernandarias-y-hornos","status":"publish","type":"post","link":"https:\/\/victoria.gob.ar\/es\/se-asfalto-calle-gobernador-sola-entre-hernandarias-y-hornos\/","title":{"rendered":"SE ASFALT\u00d3 CALLE GOBERNADOR SOLA, ENTRE HERNANDARIAS Y HORNOS"},"content":{"rendered":"<p>La Municipalidad de Victoria concret\u00f3 el asfaltado en calle Gobernador Sola, entre Hernandarias y Hornos. Adem\u00e1s, se dej\u00f3 el suelo preparado en el tramo contiguo (desde Hornos hasta Ituzaing\u00f3) para pavimentarlo pr\u00f3ximamente, siempre que el clima lo permita.<\/p>\n<p>Victoria, #MiCiudadQuerida <img decoding=\"async\" src=\"https:\/\/s.w.org\/images\/core\/emoji\/15.1.0\/72x72\/1fa75.png\" alt=\"&#x1fa75;\" class=\"wp-smiley\" \/><\/p>\n<figure class=\"wp-block-gallery has-nested-images columns-default is-cropped wp-block-gallery-1 is-layout-flex wp-block-gallery-is-layout-flex\">\n<figure class=\"wp-block-image size-large\"><img loading=\"lazy\" decoding=\"async\" width=\"1024\" height=\"682\" data-id=\"1035\" src=\"https:\/\/victoria.gob.ar\/prensa\/wp-content\/uploads\/2025\/04\/WhatsApp-Image-2025-04-24-at-07.40.26-1024x682.jpeg\" alt=\"\" class=\"wp-image-1035\" \/><\/figure>\n<figure class=\"wp-block-image size-large\"><img loading=\"lazy\" decoding=\"async\" width=\"1024\" height=\"682\" data-id=\"1036\" src=\"https:\/\/victoria.gob.ar\/prensa\/wp-content\/uploads\/2025\/04\/WhatsApp-Image-2025-04-24-at-07.40.25-1-1024x682.jpeg\" alt=\"\" class=\"wp-image-1036\" \/><\/figure>\n<figure class=\"wp-block-image size-large\"><img loading=\"lazy\" decoding=\"async\" width=\"1024\" height=\"682\" data-id=\"1037\" src=\"https:\/\/victoria.gob.ar\/prensa\/wp-content\/uploads\/2025\/04\/WhatsApp-Image-2025-04-24-at-07.40.25-1024x682.jpeg\" alt=\"\" class=\"wp-image-1037\" \/><\/figure>\n<\/figure>","protected":false},"excerpt":{"rendered":"<p>La Municipalidad de Victoria concret\u00f3 el asfaltado en calle Gobernador Sola, entre Hernandarias y Hornos. Adem\u00e1s, se dej\u00f3 el suelo preparado en el tramo contiguo (desde Hornos hasta Ituzaing\u00f3) para pavimentarlo pr\u00f3ximamente, siempre que el clima lo permita. Victoria, #MiCiudadQuerida<\/p>\n","protected":false},"author":2,"featured_media":2237,"comment_status":"open","ping_status":"open","sticky":false,"template":"","format":"standard","meta":{"neve_meta_sidebar":"","neve_meta_container":"","neve_meta_enable_content_width":"","neve_meta_content_width":0,"neve_meta_title_alignment":"","neve_meta_author_avatar":"","neve_post_elements_order":"","neve_meta_disable_header":"","neve_meta_disable_footer":"","neve_meta_disable_title":"","footnotes":""},"categories":[1],"tags":[],"class_list":["post-2236","post","type-post","status-publish","format-standard","has-post-thumbnail","hentry","category-sin-categoria"],"_links":{"self":[{"href":"https:\/\/victoria.gob.ar\/es\/wp-json\/wp\/v2\/posts\/2236","targetHints":{"allow":["GET"]}}],"collection":[{"href":"https:\/\/victoria.gob.ar\/es\/wp-json\/wp\/v2\/posts"}],"about":[{"href":"https:\/\/victoria.gob.ar\/es\/wp-json\/wp\/v2\/types\/post"}],"author":[{"embeddable":true,"href":"https:\/\/victoria.gob.ar\/es\/wp-json\/wp\/v2\/users\/2"}],"replies":[{"embeddable":true,"href":"https:\/\/victoria.gob.ar\/es\/wp-json\/wp\/v2\/comments?post=2236"}],"version-history":[{"count":0,"href":"https:\/\/victoria.gob.ar\/es\/wp-json\/wp\/v2\/posts\/2236\/revisions"}],"wp:featuredmedia":[{"embeddable":true,"href":"https:\/\/victoria.gob.ar\/es\/wp-json\/wp\/v2\/media\/2237"}],"wp:attachment":[{"href":"https:\/\/victoria.gob.ar\/es\/wp-json\/wp\/v2\/media?parent=2236"}],"wp:term":[{"taxonomy":"category","embeddable":true,"href":"https:\/\/victoria.gob.ar\/es\/wp-json\/wp\/v2\/categories?post=2236"},{"taxonomy":"post_tag","embeddable":true,"href":"https:\/\/victoria.gob.ar\/es\/wp-json\/wp\/v2\/tags?post=2236"}],"curies":[{"name":"wp","href":"https:\/\/api.w.org\/{rel}","templated":true}]}}