{"id":2229,"date":"2025-04-23T13:28:01","date_gmt":"2025-04-23T13:28:01","guid":{"rendered":"http:\/\/victoria.gob.ar\/es\/presupuesto-participativo-reunion-informativa-en-el-primer-cuartel\/"},"modified":"2025-04-23T13:28:01","modified_gmt":"2025-04-23T13:28:01","slug":"presupuesto-participativo-reunion-informativa-en-el-primer-cuartel","status":"publish","type":"post","link":"https:\/\/victoria.gob.ar\/es\/presupuesto-participativo-reunion-informativa-en-el-primer-cuartel\/","title":{"rendered":"PRESUPUESTO PARTICIPATIVO: REUNI\u00d3N INFORMATIVA EN EL PRIMER CUARTEL"},"content":{"rendered":"<p>La Municipalidad de Victoria va a realizar la primera reuni\u00f3n informativa del Presupuesto Participativo 2025. Va a ser el  s\u00e1bado 26 de abril a las 16:00 h, en  el Centro Deportivo y Social Malvinas Argentinas (V. L\u00f3pez y Marcos Paz), para vecinos de la Zona 1 (Primer Cuartel).<\/p>\n<p> En el encuentro, se detallar\u00e1 la mec\u00e1nica del Programa y se entregar\u00e1n planillas de presentaci\u00f3n de proyectos. Principalmente, se despejar\u00e1n dudas sobre c\u00f3mo armar un proyecto.<\/p>\n<p>M\u00e1s informaci\u00f3n y contacto a trav\u00e9s del 3436 411100.<\/p>\n<figure class=\"wp-block-image size-large\"><img loading=\"lazy\" decoding=\"async\" width=\"819\" height=\"1024\" src=\"https:\/\/victoria.gob.ar\/prensa\/wp-content\/uploads\/2025\/04\/WhatsApp-Image-2025-04-22-at-18.01.35-819x1024.jpeg\" alt=\"\" class=\"wp-image-1005\" \/><\/figure>","protected":false},"excerpt":{"rendered":"<p>La Municipalidad de Victoria va a realizar la primera reuni\u00f3n informativa del Presupuesto Participativo 2025. Va a ser el s\u00e1bado 26 de abril a las 16:00 h, en el Centro Deportivo y Social Malvinas Argentinas (V. L\u00f3pez y Marcos Paz), para vecinos de la Zona 1 (Primer Cuartel). En el encuentro, se detallar\u00e1 la mec\u00e1nica&hellip;&nbsp;<a href=\"https:\/\/victoria.gob.ar\/es\/presupuesto-participativo-reunion-informativa-en-el-primer-cuartel\/\" rel=\"bookmark\"><span class=\"screen-reader-text\">PRESUPUESTO PARTICIPATIVO: REUNI\u00d3N INFORMATIVA EN EL PRIMER CUARTEL<\/span><\/a><\/p>\n","protected":false},"author":2,"featured_media":2230,"comment_status":"open","ping_status":"open","sticky":false,"template":"","format":"standard","meta":{"neve_meta_sidebar":"","neve_meta_container":"","neve_meta_enable_content_width":"","neve_meta_content_width":0,"neve_meta_title_alignment":"","neve_meta_author_avatar":"","neve_post_elements_order":"","neve_meta_disable_header":"","neve_meta_disable_footer":"","neve_meta_disable_title":"","footnotes":""},"categories":[1],"tags":[],"class_list":["post-2229","post","type-post","status-publish","format-standard","has-post-thumbnail","hentry","category-sin-categoria"],"_links":{"self":[{"href":"https:\/\/victoria.gob.ar\/es\/wp-json\/wp\/v2\/posts\/2229","targetHints":{"allow":["GET"]}}],"collection":[{"href":"https:\/\/victoria.gob.ar\/es\/wp-json\/wp\/v2\/posts"}],"about":[{"href":"https:\/\/victoria.gob.ar\/es\/wp-json\/wp\/v2\/types\/post"}],"author":[{"embeddable":true,"href":"https:\/\/victoria.gob.ar\/es\/wp-json\/wp\/v2\/users\/2"}],"replies":[{"embeddable":true,"href":"https:\/\/victoria.gob.ar\/es\/wp-json\/wp\/v2\/comments?post=2229"}],"version-history":[{"count":0,"href":"https:\/\/victoria.gob.ar\/es\/wp-json\/wp\/v2\/posts\/2229\/revisions"}],"wp:featuredmedia":[{"embeddable":true,"href":"https:\/\/victoria.gob.ar\/es\/wp-json\/wp\/v2\/media\/2230"}],"wp:attachment":[{"href":"https:\/\/victoria.gob.ar\/es\/wp-json\/wp\/v2\/media?parent=2229"}],"wp:term":[{"taxonomy":"category","embeddable":true,"href":"https:\/\/victoria.gob.ar\/es\/wp-json\/wp\/v2\/categories?post=2229"},{"taxonomy":"post_tag","embeddable":true,"href":"https:\/\/victoria.gob.ar\/es\/wp-json\/wp\/v2\/tags?post=2229"}],"curies":[{"name":"wp","href":"https:\/\/api.w.org\/{rel}","templated":true}]}}