{"id":3470,"date":"2026-01-22T12:39:06","date_gmt":"2026-01-22T12:39:06","guid":{"rendered":"http:\/\/victoria.gob.ar\/es\/victoria-limpia-en-el-segundo-cuartel\/"},"modified":"2026-01-22T12:39:06","modified_gmt":"2026-01-22T12:39:06","slug":"victoria-limpia-en-el-segundo-cuartel","status":"publish","type":"post","link":"https:\/\/victoria.gob.ar\/en\/victoria-limpia-en-el-segundo-cuartel\/","title":{"rendered":"VICTORIA LIMPIA\u00bb EN EL SEGUNDO CUARTEL"},"content":{"rendered":"<p>La municipalidad retira de forma programada tus objetos en desuso.<\/p>\n<p><img decoding=\"async\" src=\"https:\/\/s.w.org\/images\/core\/emoji\/17.0.2\/72x72\/1f914.png\" alt=\"&#x1f914;\" class=\"wp-smiley\" \/> \u00bfQu\u00e9 pod\u00e9s sacar?<br \/><img decoding=\"async\" src=\"https:\/\/s.w.org\/images\/core\/emoji\/17.0.2\/72x72\/2705.png\" alt=\"&#x2705;\" class=\"wp-smiley\" \/> Tachos, neum\u00e1ticos, botellas, chatarra, todos tus recipientes y objetos en desuso.<br \/><img decoding=\"async\" src=\"https:\/\/s.w.org\/images\/core\/emoji\/17.0.2\/72x72\/2705.png\" alt=\"&#x2705;\" class=\"wp-smiley\" \/> Tambi\u00e9n, pod\u00e9s sacar ramas, restos de poda, tierra y escombros.<br \/><img decoding=\"async\" src=\"https:\/\/s.w.org\/images\/core\/emoji\/17.0.2\/72x72\/26a0.png\" alt=\"&#x26a0;\" class=\"wp-smiley\" \/> Es muy importante que al retirar estos objetos lo hagas separ\u00e1ndolos cada uno por su categor\u00eda correspondiente.<\/p>\n<p><img decoding=\"async\" src=\"https:\/\/s.w.org\/images\/core\/emoji\/17.0.2\/72x72\/2139.png\" alt=\"&#x2139;\" class=\"wp-smiley\" \/> Si sos vecino del Segundo Cuartel, \u00a1pod\u00e9s sacar a la vereda tus objetos en desuso desde el mi\u00e9rcoles 21 de enero hasta el s\u00e1bado 31 de enero.<\/p>\n<p>El \u00e9xito de esta campa\u00f1a tambi\u00e9n depende de <img decoding=\"async\" src=\"https:\/\/s.w.org\/images\/core\/emoji\/17.0.2\/72x72\/1faf5-1f3fc.png\" alt=\"&#x1faf5;&#x1f3fc;\" class=\"wp-smiley\" \/> vos.<\/p>\n<figure class=\"wp-block-image size-large\"><img decoding=\"async\" loading=\"lazy\" width=\"819\" height=\"1024\" src=\"https:\/\/victoria.gob.ar\/prensa\/wp-content\/uploads\/2026\/01\/VL-segundo-C-F1-819x1024.png\" alt=\"\" class=\"wp-image-2473\" \/><\/figure>","protected":false},"excerpt":{"rendered":"<p>La municipalidad retira de forma programada tus objetos en desuso. \u00bfQu\u00e9 pod\u00e9s sacar? Tachos, neum\u00e1ticos, botellas, chatarra, todos tus recipientes y objetos en desuso. Tambi\u00e9n, pod\u00e9s sacar ramas, restos de poda, tierra y escombros. Es muy importante que al retirar estos objetos lo hagas separ\u00e1ndolos cada uno por su categor\u00eda correspondiente. Si sos vecino del&hellip;&nbsp;<a href=\"https:\/\/victoria.gob.ar\/en\/victoria-limpia-en-el-segundo-cuartel\/\" rel=\"bookmark\"><span class=\"screen-reader-text\">VICTORIA LIMPIA\u00bb EN EL SEGUNDO CUARTEL<\/span><\/a><\/p>","protected":false},"author":2,"featured_media":3471,"comment_status":"open","ping_status":"open","sticky":false,"template":"","format":"standard","meta":{"neve_meta_sidebar":"","neve_meta_container":"","neve_meta_enable_content_width":"","neve_meta_content_width":0,"neve_meta_title_alignment":"","neve_meta_author_avatar":"","neve_post_elements_order":"","neve_meta_disable_header":"","neve_meta_disable_footer":"","neve_meta_disable_title":"","footnotes":""},"categories":[1],"tags":[],"class_list":["post-3470","post","type-post","status-publish","format-standard","has-post-thumbnail","hentry","category-sin-categoria"],"_links":{"self":[{"href":"https:\/\/victoria.gob.ar\/en\/wp-json\/wp\/v2\/posts\/3470","targetHints":{"allow":["GET"]}}],"collection":[{"href":"https:\/\/victoria.gob.ar\/en\/wp-json\/wp\/v2\/posts"}],"about":[{"href":"https:\/\/victoria.gob.ar\/en\/wp-json\/wp\/v2\/types\/post"}],"author":[{"embeddable":true,"href":"https:\/\/victoria.gob.ar\/en\/wp-json\/wp\/v2\/users\/2"}],"replies":[{"embeddable":true,"href":"https:\/\/victoria.gob.ar\/en\/wp-json\/wp\/v2\/comments?post=3470"}],"version-history":[{"count":0,"href":"https:\/\/victoria.gob.ar\/en\/wp-json\/wp\/v2\/posts\/3470\/revisions"}],"wp:featuredmedia":[{"embeddable":true,"href":"https:\/\/victoria.gob.ar\/en\/wp-json\/wp\/v2\/media\/3471"}],"wp:attachment":[{"href":"https:\/\/victoria.gob.ar\/en\/wp-json\/wp\/v2\/media?parent=3470"}],"wp:term":[{"taxonomy":"category","embeddable":true,"href":"https:\/\/victoria.gob.ar\/en\/wp-json\/wp\/v2\/categories?post=3470"},{"taxonomy":"post_tag","embeddable":true,"href":"https:\/\/victoria.gob.ar\/en\/wp-json\/wp\/v2\/tags?post=3470"}],"curies":[{"name":"wp","href":"https:\/\/api.w.org\/{rel}","templated":true}]}}