{"id":3468,"date":"2026-01-22T12:51:25","date_gmt":"2026-01-22T12:51:25","guid":{"rendered":"http:\/\/victoria.gob.ar\/es\/te-contamos-mas-sobre-nicole-deusich-postulante-nro-1-para-representante-departamental-del-carnaval-edicion-2026\/"},"modified":"2026-01-22T12:51:25","modified_gmt":"2026-01-22T12:51:25","slug":"te-contamos-mas-sobre-nicole-deusich-postulante-nro-1-para-representante-departamental-del-carnaval-edicion-2026","status":"publish","type":"post","link":"https:\/\/victoria.gob.ar\/en\/te-contamos-mas-sobre-nicole-deusich-postulante-nro-1-para-representante-departamental-del-carnaval-edicion-2026\/","title":{"rendered":"Te contamos m\u00e1s sobre Nicole Deusich, postulante nro. 1 para Representante Departamental del Carnaval Edici\u00f3n 2026."},"content":{"rendered":"<p>Representa a: Club Atl\u00e9tico Sarmiento.<br \/>Edad: 19 a\u00f1os.<br \/>Signo zodiacal: <img decoding=\"async\" src=\"https:\/\/s.w.org\/images\/core\/emoji\/17.0.2\/72x72\/264f.png\" alt=\"&#x264f;\" class=\"wp-smiley\" \/> Escorpio.<br \/>Estudios: Secundario completo en la Escuela de Educaci\u00f3n T\u00e9cnica Nro. 1 \u201cDr. Pedro Rad\u00edo\u201d.<br \/>Hobbies: Hacer deporte.<br \/>Lo m\u00e1s importante de su vida: Su familia.<br \/>\u00bfQu\u00e9 significa el carnaval para ella? La Fiesta Mayor de nuestra ciudad con una gran historia que ha marcado por d\u00e9cadas el crecimiento cultural con la visita de turistas y que enciende sue\u00f1os, proyectos e ilusiones en todas las edades de nuestros habitantes.<br \/>Aspiraciones: Siempre anhel\u00f3 ser parte del carnaval y este a\u00f1o recibi\u00f3 la invitaci\u00f3n especial por parte del Club Atl\u00e9tico Sarmiento y con mucho gusto y orgullo la acept\u00f3.<\/p>\n<figure class=\"wp-block-gallery has-nested-images columns-default is-cropped wp-block-gallery-3 is-layout-flex wp-block-gallery-is-layout-flex\">\n<figure class=\"wp-block-image size-large\"><img decoding=\"async\" loading=\"lazy\" width=\"1024\" height=\"683\" data-id=\"2500\" src=\"https:\/\/victoria.gob.ar\/prensa\/wp-content\/uploads\/2026\/01\/WhatsApp-Image-2026-01-21-at-10.13.43-1-1024x683.jpeg\" alt=\"\" class=\"wp-image-2500\" \/><\/figure>\n<figure class=\"wp-block-image size-large\"><img decoding=\"async\" loading=\"lazy\" width=\"1024\" height=\"683\" data-id=\"2499\" src=\"https:\/\/victoria.gob.ar\/prensa\/wp-content\/uploads\/2026\/01\/WhatsApp-Image-2026-01-21-at-10.13.43-1024x683.jpeg\" alt=\"\" class=\"wp-image-2499\" \/><\/figure>\n<\/figure>","protected":false},"excerpt":{"rendered":"<p>Representa a: Club Atl\u00e9tico Sarmiento.Edad: 19 a\u00f1os.Signo zodiacal: Escorpio.Estudios: Secundario completo en la Escuela de Educaci\u00f3n T\u00e9cnica Nro. 1 \u201cDr. Pedro Rad\u00edo\u201d.Hobbies: Hacer deporte.Lo m\u00e1s importante de su vida: Su familia.\u00bfQu\u00e9 significa el carnaval para ella? La Fiesta Mayor de nuestra ciudad con una gran historia que ha marcado por d\u00e9cadas el crecimiento cultural con&hellip;&nbsp;<a href=\"https:\/\/victoria.gob.ar\/en\/te-contamos-mas-sobre-nicole-deusich-postulante-nro-1-para-representante-departamental-del-carnaval-edicion-2026\/\" rel=\"bookmark\"><span class=\"screen-reader-text\">Te contamos m\u00e1s sobre Nicole Deusich, postulante nro. 1 para Representante Departamental del Carnaval Edici\u00f3n 2026.<\/span><\/a><\/p>","protected":false},"author":2,"featured_media":3469,"comment_status":"open","ping_status":"open","sticky":false,"template":"","format":"standard","meta":{"neve_meta_sidebar":"","neve_meta_container":"","neve_meta_enable_content_width":"","neve_meta_content_width":0,"neve_meta_title_alignment":"","neve_meta_author_avatar":"","neve_post_elements_order":"","neve_meta_disable_header":"","neve_meta_disable_footer":"","neve_meta_disable_title":"","footnotes":""},"categories":[1],"tags":[],"class_list":["post-3468","post","type-post","status-publish","format-standard","has-post-thumbnail","hentry","category-sin-categoria"],"_links":{"self":[{"href":"https:\/\/victoria.gob.ar\/en\/wp-json\/wp\/v2\/posts\/3468","targetHints":{"allow":["GET"]}}],"collection":[{"href":"https:\/\/victoria.gob.ar\/en\/wp-json\/wp\/v2\/posts"}],"about":[{"href":"https:\/\/victoria.gob.ar\/en\/wp-json\/wp\/v2\/types\/post"}],"author":[{"embeddable":true,"href":"https:\/\/victoria.gob.ar\/en\/wp-json\/wp\/v2\/users\/2"}],"replies":[{"embeddable":true,"href":"https:\/\/victoria.gob.ar\/en\/wp-json\/wp\/v2\/comments?post=3468"}],"version-history":[{"count":0,"href":"https:\/\/victoria.gob.ar\/en\/wp-json\/wp\/v2\/posts\/3468\/revisions"}],"wp:featuredmedia":[{"embeddable":true,"href":"https:\/\/victoria.gob.ar\/en\/wp-json\/wp\/v2\/media\/3469"}],"wp:attachment":[{"href":"https:\/\/victoria.gob.ar\/en\/wp-json\/wp\/v2\/media?parent=3468"}],"wp:term":[{"taxonomy":"category","embeddable":true,"href":"https:\/\/victoria.gob.ar\/en\/wp-json\/wp\/v2\/categories?post=3468"},{"taxonomy":"post_tag","embeddable":true,"href":"https:\/\/victoria.gob.ar\/en\/wp-json\/wp\/v2\/tags?post=3468"}],"curies":[{"name":"wp","href":"https:\/\/api.w.org\/{rel}","templated":true}]}}