{"id":3464,"date":"2026-01-22T13:07:12","date_gmt":"2026-01-22T13:07:12","guid":{"rendered":"http:\/\/victoria.gob.ar\/es\/te-contamos-mas-sobre-lujan-juarez-postulante-nro-3-para-representante-departamental-del-carnaval-edicion-2026\/"},"modified":"2026-01-22T13:07:12","modified_gmt":"2026-01-22T13:07:12","slug":"te-contamos-mas-sobre-lujan-juarez-postulante-nro-3-para-representante-departamental-del-carnaval-edicion-2026","status":"publish","type":"post","link":"https:\/\/victoria.gob.ar\/en\/te-contamos-mas-sobre-lujan-juarez-postulante-nro-3-para-representante-departamental-del-carnaval-edicion-2026\/","title":{"rendered":"Te contamos m\u00e1s sobre Luj\u00e1n Ju\u00e1rez, postulante nro. 3 para Representante Departamental del Carnaval Edici\u00f3n 2026."},"content":{"rendered":"<p>Representa a: Fiorella Garibaldi Estudio<br \/>Edad: 20 a\u00f1os.<br \/>Signo zodiacal: <img decoding=\"async\" src=\"https:\/\/s.w.org\/images\/core\/emoji\/17.0.2\/72x72\/2648.png\" alt=\"&#x2648;\" class=\"wp-smiley\" \/> Aries.<br \/>Estudios: Profesora de Danzas Cl\u00e1sicas y, actualmente, cursando tercer a\u00f1o de la Licenciatura en Obstetricia.<br \/>Hobbies: Bailar, leer, compartir con familia y amigos.<br \/>Lo m\u00e1s importante de su vida: Su familia unida, la salud y sus amistades.<br \/>\u00bfQu\u00e9 significa el carnaval para ella? El carnaval es parte de sus ra\u00edces y una parte fundamental de quien es ella. Desde muy chiquita creci\u00f3 entre la m\u00fasica, los colores y la emoci\u00f3n de cada noche de carnaval. Es un lugar que la form\u00f3, que le ense\u00f1\u00f3 a compartir, a respetar, a esforzarse y a creer en los sue\u00f1os. El carnaval es mucho m\u00e1s que una fiesta: es familia, es identidad, es cultura viva que sana y que se transmite de generaci\u00f3n en generaci\u00f3n. Detr\u00e1s de cada traje, de cada paso y de cada sonrisa hay meses de trabajo, sacrificio y amor. Para ella, el carnaval es el abrazo de su gente, es sentir orgullo por lo que somos, es emoci\u00f3n pura cuando se abre la pista y suena la m\u00fasica. Es el lugar donde encontr\u00f3 su voz, donde aprendi\u00f3 a expresarse al bailar y conectar con quien est\u00e1 mirando. El carnaval le dio pertenencia, sue\u00f1os y emociones que quiere llevar siempre con ella. Por eso elige defenderlo, cuidarlo y hacerlo crecer, para que siga vivo y presente en cada uno de los victorienses.<br \/>Aspiraciones: Quiere ser representante porque ama el carnaval y porque cree que, con presencia y trabajo constante, podemos seguir haci\u00e9ndolo crecer y mantenerlo vivo en el coraz\u00f3n de cada victoriense, mantener viva esta tradici\u00f3n, fortalecerla d\u00eda a d\u00eda y seguir construyendo un carnaval que inspire, que incluya y que nos llene de orgullo. Quiere llevar con ella la pasi\u00f3n que el carnaval le regal\u00f3, transmitirla con alegr\u00eda, dedicaci\u00f3n, respeto, compromiso y amor, y ser una referente cercana para las nuevas generaciones, demostrando que esta fiesta sigue latiendo fuerte en el presente y mirando al futuro. Se considera una mujer aut\u00e9ntica, responsable y cercana con la gente. Cree en la importancia de representar no solo con una imagen, sino tambi\u00e9n con valores, respeto y compromiso.<\/p>\n<figure class=\"wp-block-gallery has-nested-images columns-default is-cropped wp-block-gallery-1 is-layout-flex wp-block-gallery-is-layout-flex\">\n<figure class=\"wp-block-image size-large\"><img loading=\"lazy\" decoding=\"async\" width=\"1024\" height=\"683\" data-id=\"2510\" src=\"https:\/\/victoria.gob.ar\/prensa\/wp-content\/uploads\/2026\/01\/WhatsApp-Image-2026-01-21-at-10.54.01-3-1024x683.jpeg\" alt=\"\" class=\"wp-image-2510\" \/><\/figure>\n<figure class=\"wp-block-image size-large\"><img loading=\"lazy\" decoding=\"async\" width=\"1024\" height=\"683\" data-id=\"2509\" src=\"https:\/\/victoria.gob.ar\/prensa\/wp-content\/uploads\/2026\/01\/WhatsApp-Image-2026-01-21-at-10.54.01-2-1024x683.jpeg\" alt=\"\" class=\"wp-image-2509\" \/><\/figure>\n<\/figure>","protected":false},"excerpt":{"rendered":"<p>Representa a: Fiorella Garibaldi EstudioEdad: 20 a\u00f1os.Signo zodiacal: Aries.Estudios: Profesora de Danzas Cl\u00e1sicas y, actualmente, cursando tercer a\u00f1o de la Licenciatura en Obstetricia.Hobbies: Bailar, leer, compartir con familia y amigos.Lo m\u00e1s importante de su vida: Su familia unida, la salud y sus amistades.\u00bfQu\u00e9 significa el carnaval para ella? El carnaval es parte de sus ra\u00edces&hellip;&nbsp;<a href=\"https:\/\/victoria.gob.ar\/en\/te-contamos-mas-sobre-lujan-juarez-postulante-nro-3-para-representante-departamental-del-carnaval-edicion-2026\/\" rel=\"bookmark\"><span class=\"screen-reader-text\">Te contamos m\u00e1s sobre Luj\u00e1n Ju\u00e1rez, postulante nro. 3 para Representante Departamental del Carnaval Edici\u00f3n 2026.<\/span><\/a><\/p>","protected":false},"author":2,"featured_media":3465,"comment_status":"open","ping_status":"open","sticky":false,"template":"","format":"standard","meta":{"neve_meta_sidebar":"","neve_meta_container":"","neve_meta_enable_content_width":"","neve_meta_content_width":0,"neve_meta_title_alignment":"","neve_meta_author_avatar":"","neve_post_elements_order":"","neve_meta_disable_header":"","neve_meta_disable_footer":"","neve_meta_disable_title":"","footnotes":""},"categories":[1],"tags":[],"class_list":["post-3464","post","type-post","status-publish","format-standard","has-post-thumbnail","hentry","category-sin-categoria"],"_links":{"self":[{"href":"https:\/\/victoria.gob.ar\/en\/wp-json\/wp\/v2\/posts\/3464","targetHints":{"allow":["GET"]}}],"collection":[{"href":"https:\/\/victoria.gob.ar\/en\/wp-json\/wp\/v2\/posts"}],"about":[{"href":"https:\/\/victoria.gob.ar\/en\/wp-json\/wp\/v2\/types\/post"}],"author":[{"embeddable":true,"href":"https:\/\/victoria.gob.ar\/en\/wp-json\/wp\/v2\/users\/2"}],"replies":[{"embeddable":true,"href":"https:\/\/victoria.gob.ar\/en\/wp-json\/wp\/v2\/comments?post=3464"}],"version-history":[{"count":0,"href":"https:\/\/victoria.gob.ar\/en\/wp-json\/wp\/v2\/posts\/3464\/revisions"}],"wp:featuredmedia":[{"embeddable":true,"href":"https:\/\/victoria.gob.ar\/en\/wp-json\/wp\/v2\/media\/3465"}],"wp:attachment":[{"href":"https:\/\/victoria.gob.ar\/en\/wp-json\/wp\/v2\/media?parent=3464"}],"wp:term":[{"taxonomy":"category","embeddable":true,"href":"https:\/\/victoria.gob.ar\/en\/wp-json\/wp\/v2\/categories?post=3464"},{"taxonomy":"post_tag","embeddable":true,"href":"https:\/\/victoria.gob.ar\/en\/wp-json\/wp\/v2\/tags?post=3464"}],"curies":[{"name":"wp","href":"https:\/\/api.w.org\/{rel}","templated":true}]}}