{"id":3450,"date":"2026-01-14T23:31:02","date_gmt":"2026-01-14T23:31:02","guid":{"rendered":"http:\/\/victoria.gob.ar\/es\/un-siglo-de-ritmo-50-anos-de-capital\/"},"modified":"2026-01-14T23:31:02","modified_gmt":"2026-01-14T23:31:02","slug":"un-siglo-de-ritmo-50-anos-de-capital","status":"publish","type":"post","link":"https:\/\/victoria.gob.ar\/en\/un-siglo-de-ritmo-50-anos-de-capital\/","title":{"rendered":"UN SIGLO DE RITMO, 50 A\u00d1OS DE CAPITAL"},"content":{"rendered":"<ul class=\"wp-block-list\">\n<li>Fechas: Desde el mi\u00e9rcoles 21 de enero hasta el domingo 22 de marzo<\/li>\n<li>Entrada: Libre y gratuita<\/li>\n<li>Horario: 21:00 h<\/li>\n<li>Lugar: Museo \u00abCarlos A. Anad\u00f3n\u00bb (Congreso 593)<\/li>\n<\/ul>\n<p>Aproximaci\u00f3n a la historia de nuestro carnaval.<\/p>\n<p>Los invitamos a sumergirse en la memoria de nuestra celebraci\u00f3n m\u00e1s emblem\u00e1tica a trav\u00e9s de esta propuesta que recorre m\u00e1s de 150 a\u00f1os de tradici\u00f3n popular. Este a\u00f1o es especialmente significativo: conmemoramos el 50\u00b0 Aniversario de la Declaraci\u00f3n de Victoria como Capital Provincial del Carnaval (1976-2026).<br \/>A trav\u00e9s de esta s\u00edntesis hist\u00f3rica, el visitante podr\u00e1 descubrir desde los or\u00edgenes solidarios del siglo XIX y el esplendor de la Plaza San Mart\u00edn, hasta la revoluci\u00f3n est\u00e9tica de los a\u00f1os 60 y el brillo de nuestras primeras soberanas. En este recorrido, el ingenio de los trabajadores, el testimonio de las agrupaciones y la evoluci\u00f3n del ritmo se entrelazan para narrar c\u00f3mo el esfuerzo colectivo transform\u00f3 un festejo local en el orgullo de toda una provincia.<br \/>Cada objeto, melod\u00eda e imagen aqu\u00ed expuestos custodian la identidad de nuestra comunidad. Los invitamos a redescubrir el patrimonio de Victoria y a dejarse llevar por el latir de una fiesta que une generaciones.<\/p>\n<p>Horarios especiales del museo durante enero:<\/p>\n<p>De martes a viernes: 09:00 a 13:00 y 16:00 a 20:00 h.<\/p>\n<p>S\u00e1bados: 10:00 a 13:00 y 16:00 a 20:00 h.<\/p>\n<p>Domingos: 10:00 a 13:00 h.<\/p>\n<p>D\u00edas de cierre: Todos los lunes.<\/p>\n<figure class=\"wp-block-image size-large\"><img decoding=\"async\" loading=\"lazy\" width=\"819\" height=\"1024\" src=\"https:\/\/victoria.gob.ar\/prensa\/wp-content\/uploads\/2026\/01\/WhatsApp-Image-2026-01-14-at-11.21.55-819x1024.jpeg\" alt=\"\" class=\"wp-image-2464\" \/><\/figure>","protected":false},"excerpt":{"rendered":"<p>Fechas: Desde el mi\u00e9rcoles 21 de enero hasta el domingo 22 de marzo Entrada: Libre y gratuita Horario: 21:00 h Lugar: Museo \u00abCarlos A. Anad\u00f3n\u00bb (Congreso 593) Aproximaci\u00f3n a la historia de nuestro carnaval. Los invitamos a sumergirse en la memoria de nuestra celebraci\u00f3n m\u00e1s emblem\u00e1tica a trav\u00e9s de esta propuesta que recorre m\u00e1s de&hellip;&nbsp;<a href=\"https:\/\/victoria.gob.ar\/en\/un-siglo-de-ritmo-50-anos-de-capital\/\" rel=\"bookmark\"><span class=\"screen-reader-text\">UN SIGLO DE RITMO, 50 A\u00d1OS DE CAPITAL<\/span><\/a><\/p>","protected":false},"author":2,"featured_media":3451,"comment_status":"open","ping_status":"open","sticky":false,"template":"","format":"standard","meta":{"neve_meta_sidebar":"","neve_meta_container":"","neve_meta_enable_content_width":"","neve_meta_content_width":0,"neve_meta_title_alignment":"","neve_meta_author_avatar":"","neve_post_elements_order":"","neve_meta_disable_header":"","neve_meta_disable_footer":"","neve_meta_disable_title":"","footnotes":""},"categories":[1],"tags":[],"class_list":["post-3450","post","type-post","status-publish","format-standard","has-post-thumbnail","hentry","category-sin-categoria"],"_links":{"self":[{"href":"https:\/\/victoria.gob.ar\/en\/wp-json\/wp\/v2\/posts\/3450","targetHints":{"allow":["GET"]}}],"collection":[{"href":"https:\/\/victoria.gob.ar\/en\/wp-json\/wp\/v2\/posts"}],"about":[{"href":"https:\/\/victoria.gob.ar\/en\/wp-json\/wp\/v2\/types\/post"}],"author":[{"embeddable":true,"href":"https:\/\/victoria.gob.ar\/en\/wp-json\/wp\/v2\/users\/2"}],"replies":[{"embeddable":true,"href":"https:\/\/victoria.gob.ar\/en\/wp-json\/wp\/v2\/comments?post=3450"}],"version-history":[{"count":0,"href":"https:\/\/victoria.gob.ar\/en\/wp-json\/wp\/v2\/posts\/3450\/revisions"}],"wp:featuredmedia":[{"embeddable":true,"href":"https:\/\/victoria.gob.ar\/en\/wp-json\/wp\/v2\/media\/3451"}],"wp:attachment":[{"href":"https:\/\/victoria.gob.ar\/en\/wp-json\/wp\/v2\/media?parent=3450"}],"wp:term":[{"taxonomy":"category","embeddable":true,"href":"https:\/\/victoria.gob.ar\/en\/wp-json\/wp\/v2\/categories?post=3450"},{"taxonomy":"post_tag","embeddable":true,"href":"https:\/\/victoria.gob.ar\/en\/wp-json\/wp\/v2\/tags?post=3450"}],"curies":[{"name":"wp","href":"https:\/\/api.w.org\/{rel}","templated":true}]}}