{"id":3448,"date":"2026-01-14T23:36:37","date_gmt":"2026-01-14T23:36:37","guid":{"rendered":"http:\/\/victoria.gob.ar\/es\/viaducto-victoria-rosario\/"},"modified":"2026-01-14T23:36:37","modified_gmt":"2026-01-14T23:36:37","slug":"viaducto-victoria-rosario","status":"publish","type":"post","link":"https:\/\/victoria.gob.ar\/en\/viaducto-victoria-rosario\/","title":{"rendered":"Viaducto Victoria\u2013Rosario"},"content":{"rendered":"<p>Hoy recibimos al Ing. Marcelo Kondratavicius, Gerente General de Conexi\u00f3n Alto Delta S.A., empresa concesionaria del Viaducto Victoria\u2013Rosario, sobre la Ruta Nacional N.\u00ba 174, una traza estrat\u00e9gica por su ubicaci\u00f3n geogr\u00e1fica y su importancia en la integraci\u00f3n regional y el MERCOSUR.<\/p>\n<p>Planteamos las prioridades de Victoria, vinculadas a mejorar la seguridad vial, el cuidado del ambiente, los controles y la necesidad de fortalecer un trabajo conjunto y sostenido en el tiempo.<\/p>\n<p>Seguimos gestionando con di\u00e1logo y compromiso, pensando siempre en el bienestar de nuestra comunidad.<\/p>\n<figure class=\"wp-block-gallery has-nested-images columns-default is-cropped wp-block-gallery-1 is-layout-flex wp-block-gallery-is-layout-flex\">\n<figure class=\"wp-block-image size-large\"><img loading=\"lazy\" decoding=\"async\" width=\"1024\" height=\"768\" data-id=\"2467\" src=\"https:\/\/victoria.gob.ar\/prensa\/wp-content\/uploads\/2026\/01\/WhatsApp-Image-2026-01-14-at-20.13.45-1-1024x768.jpeg\" alt=\"\" class=\"wp-image-2467\" \/><\/figure>\n<figure class=\"wp-block-image size-large\"><img loading=\"lazy\" decoding=\"async\" width=\"1024\" height=\"768\" data-id=\"2469\" src=\"https:\/\/victoria.gob.ar\/prensa\/wp-content\/uploads\/2026\/01\/WhatsApp-Image-2026-01-14-at-20.13.45-1024x768.jpeg\" alt=\"\" class=\"wp-image-2469\" \/><\/figure>\n<figure class=\"wp-block-image size-large\"><img loading=\"lazy\" decoding=\"async\" width=\"1024\" height=\"768\" data-id=\"2468\" src=\"https:\/\/victoria.gob.ar\/prensa\/wp-content\/uploads\/2026\/01\/WhatsApp-Image-2026-01-14-at-20.13.44-1024x768.jpeg\" alt=\"\" class=\"wp-image-2468\" \/><\/figure>\n<\/figure>","protected":false},"excerpt":{"rendered":"<p>Hoy recibimos al Ing. Marcelo Kondratavicius, Gerente General de Conexi\u00f3n Alto Delta S.A., empresa concesionaria del Viaducto Victoria\u2013Rosario, sobre la Ruta Nacional N.\u00ba 174, una traza estrat\u00e9gica por su ubicaci\u00f3n geogr\u00e1fica y su importancia en la integraci\u00f3n regional y el MERCOSUR. Planteamos las prioridades de Victoria, vinculadas a mejorar la seguridad vial, el cuidado del&hellip;&nbsp;<a href=\"https:\/\/victoria.gob.ar\/en\/viaducto-victoria-rosario\/\" rel=\"bookmark\"><span class=\"screen-reader-text\">Viaducto Victoria\u2013Rosario<\/span><\/a><\/p>","protected":false},"author":2,"featured_media":3449,"comment_status":"open","ping_status":"open","sticky":false,"template":"","format":"standard","meta":{"neve_meta_sidebar":"","neve_meta_container":"","neve_meta_enable_content_width":"","neve_meta_content_width":0,"neve_meta_title_alignment":"","neve_meta_author_avatar":"","neve_post_elements_order":"","neve_meta_disable_header":"","neve_meta_disable_footer":"","neve_meta_disable_title":"","footnotes":""},"categories":[1],"tags":[],"class_list":["post-3448","post","type-post","status-publish","format-standard","has-post-thumbnail","hentry","category-sin-categoria"],"_links":{"self":[{"href":"https:\/\/victoria.gob.ar\/en\/wp-json\/wp\/v2\/posts\/3448","targetHints":{"allow":["GET"]}}],"collection":[{"href":"https:\/\/victoria.gob.ar\/en\/wp-json\/wp\/v2\/posts"}],"about":[{"href":"https:\/\/victoria.gob.ar\/en\/wp-json\/wp\/v2\/types\/post"}],"author":[{"embeddable":true,"href":"https:\/\/victoria.gob.ar\/en\/wp-json\/wp\/v2\/users\/2"}],"replies":[{"embeddable":true,"href":"https:\/\/victoria.gob.ar\/en\/wp-json\/wp\/v2\/comments?post=3448"}],"version-history":[{"count":0,"href":"https:\/\/victoria.gob.ar\/en\/wp-json\/wp\/v2\/posts\/3448\/revisions"}],"wp:featuredmedia":[{"embeddable":true,"href":"https:\/\/victoria.gob.ar\/en\/wp-json\/wp\/v2\/media\/3449"}],"wp:attachment":[{"href":"https:\/\/victoria.gob.ar\/en\/wp-json\/wp\/v2\/media?parent=3448"}],"wp:term":[{"taxonomy":"category","embeddable":true,"href":"https:\/\/victoria.gob.ar\/en\/wp-json\/wp\/v2\/categories?post=3448"},{"taxonomy":"post_tag","embeddable":true,"href":"https:\/\/victoria.gob.ar\/en\/wp-json\/wp\/v2\/tags?post=3448"}],"curies":[{"name":"wp","href":"https:\/\/api.w.org\/{rel}","templated":true}]}}