{"id":3392,"date":"2025-12-13T14:21:41","date_gmt":"2025-12-13T14:21:41","guid":{"rendered":"http:\/\/victoria.gob.ar\/es\/la-municipalidad-trabaja-junto-a-clubes-para-prevenir-violencias-en-el-deporte\/"},"modified":"2025-12-13T14:21:41","modified_gmt":"2025-12-13T14:21:41","slug":"la-municipalidad-trabaja-junto-a-clubes-para-prevenir-violencias-en-el-deporte","status":"publish","type":"post","link":"https:\/\/victoria.gob.ar\/en\/la-municipalidad-trabaja-junto-a-clubes-para-prevenir-violencias-en-el-deporte\/","title":{"rendered":"LA MUNICIPALIDAD TRABAJA JUNTO A CLUBES PARA PREVENIR VIOLENCIAS EN EL DEPORTE"},"content":{"rendered":"<p>Desde el \u00c1rea de Salud Mental Comunitaria de la Municipalidad de Victoria se contin\u00faa con el trabajo proyectado con distintos clubes de la ciudad. La semana pasada se realiz\u00f3 un encuentro en el Club Sarmiento para abordar la problem\u00e1tica de las violencias en el \u00e1mbito deportivo. Estos espacios son muy importantes para visibilizar la situaci\u00f3n y construir, junto a directivos, t\u00e9cnicos, profesores, familias y jugadores, acciones de prevenci\u00f3n y acompa\u00f1amiento.<\/p>\n<p>Tambi\u00e9n se destac\u00f3 el valor del deporte como herramienta de formaci\u00f3n, m\u00e1s all\u00e1 de lo competitivo.<\/p>\n<p>Desde la municipalidad se agradece la participaci\u00f3n de la presidente del club, Diana Broin, y el aporte de la psic\u00f3loga Stella C\u00edstola. Se sigue fortaleciendo espacios seguros y formativos para nuestros ni\u00f1os y adolescentes.<\/p>\n<figure class=\"wp-block-gallery has-nested-images columns-default is-cropped wp-block-gallery-1 is-layout-flex wp-block-gallery-is-layout-flex\">\n<figure class=\"wp-block-image size-large\"><img loading=\"lazy\" decoding=\"async\" width=\"1024\" height=\"682\" data-id=\"2385\" src=\"https:\/\/victoria.gob.ar\/prensa\/wp-content\/uploads\/2025\/12\/WhatsApp-Image-2025-12-13-at-10.28.47-1024x682.jpeg\" alt=\"\" class=\"wp-image-2385\" \/><\/figure>\n<figure class=\"wp-block-image size-large\"><img loading=\"lazy\" decoding=\"async\" width=\"1024\" height=\"682\" data-id=\"2376\" src=\"https:\/\/victoria.gob.ar\/prensa\/wp-content\/uploads\/2025\/12\/WhatsApp-Image-2025-12-13-at-10.28.45-1024x682.jpeg\" alt=\"\" class=\"wp-image-2376\" \/><\/figure>\n<figure class=\"wp-block-image size-large\"><img loading=\"lazy\" decoding=\"async\" width=\"1024\" height=\"682\" data-id=\"2377\" src=\"https:\/\/victoria.gob.ar\/prensa\/wp-content\/uploads\/2025\/12\/WhatsApp-Image-2025-12-13-at-10.28.44-1-1024x682.jpeg\" alt=\"\" class=\"wp-image-2377\" \/><\/figure>\n<figure class=\"wp-block-image size-large\"><img decoding=\"async\" loading=\"lazy\" width=\"1024\" height=\"682\" data-id=\"2382\" src=\"https:\/\/victoria.gob.ar\/prensa\/wp-content\/uploads\/2025\/12\/WhatsApp-Image-2025-12-13-at-10.28.44-1024x682.jpeg\" alt=\"\" class=\"wp-image-2382\" \/><\/figure>\n<figure class=\"wp-block-image size-large\"><img decoding=\"async\" loading=\"lazy\" width=\"1024\" height=\"682\" data-id=\"2384\" src=\"https:\/\/victoria.gob.ar\/prensa\/wp-content\/uploads\/2025\/12\/WhatsApp-Image-2025-12-13-at-10.28.43-2-1024x682.jpeg\" alt=\"\" class=\"wp-image-2384\" \/><\/figure>\n<figure class=\"wp-block-image size-large\"><img decoding=\"async\" loading=\"lazy\" width=\"1024\" height=\"682\" data-id=\"2381\" src=\"https:\/\/victoria.gob.ar\/prensa\/wp-content\/uploads\/2025\/12\/WhatsApp-Image-2025-12-13-at-10.28.43-1-1024x682.jpeg\" alt=\"\" class=\"wp-image-2381\" \/><\/figure>\n<figure class=\"wp-block-image size-large\"><img decoding=\"async\" loading=\"lazy\" width=\"1024\" height=\"682\" data-id=\"2380\" src=\"https:\/\/victoria.gob.ar\/prensa\/wp-content\/uploads\/2025\/12\/WhatsApp-Image-2025-12-13-at-10.28.43-1024x682.jpeg\" alt=\"\" class=\"wp-image-2380\" \/><\/figure>\n<figure class=\"wp-block-image size-large\"><img decoding=\"async\" loading=\"lazy\" width=\"1024\" height=\"682\" data-id=\"2379\" src=\"https:\/\/victoria.gob.ar\/prensa\/wp-content\/uploads\/2025\/12\/WhatsApp-Image-2025-12-13-at-10.28.42-1-1024x682.jpeg\" alt=\"\" class=\"wp-image-2379\" \/><\/figure>\n<figure class=\"wp-block-image size-large\"><img decoding=\"async\" loading=\"lazy\" width=\"1024\" height=\"682\" data-id=\"2383\" src=\"https:\/\/victoria.gob.ar\/prensa\/wp-content\/uploads\/2025\/12\/WhatsApp-Image-2025-12-13-at-10.28.42-1024x682.jpeg\" alt=\"\" class=\"wp-image-2383\" \/><\/figure>\n<figure class=\"wp-block-image size-large\"><img decoding=\"async\" loading=\"lazy\" width=\"1024\" height=\"682\" data-id=\"2378\" src=\"https:\/\/victoria.gob.ar\/prensa\/wp-content\/uploads\/2025\/12\/WhatsApp-Image-2025-12-13-at-10.28.41-1024x682.jpeg\" alt=\"\" class=\"wp-image-2378\" \/><\/figure>\n<\/figure>","protected":false},"excerpt":{"rendered":"<p>Desde el \u00c1rea de Salud Mental Comunitaria de la Municipalidad de Victoria se contin\u00faa con el trabajo proyectado con distintos clubes de la ciudad. La semana pasada se realiz\u00f3 un encuentro en el Club Sarmiento para abordar la problem\u00e1tica de las violencias en el \u00e1mbito deportivo. Estos espacios son muy importantes para visibilizar la situaci\u00f3n&hellip;&nbsp;<a href=\"https:\/\/victoria.gob.ar\/en\/la-municipalidad-trabaja-junto-a-clubes-para-prevenir-violencias-en-el-deporte\/\" rel=\"bookmark\"><span class=\"screen-reader-text\">LA MUNICIPALIDAD TRABAJA JUNTO A CLUBES PARA PREVENIR VIOLENCIAS EN EL DEPORTE<\/span><\/a><\/p>","protected":false},"author":2,"featured_media":3393,"comment_status":"open","ping_status":"open","sticky":false,"template":"","format":"standard","meta":{"neve_meta_sidebar":"","neve_meta_container":"","neve_meta_enable_content_width":"","neve_meta_content_width":0,"neve_meta_title_alignment":"","neve_meta_author_avatar":"","neve_post_elements_order":"","neve_meta_disable_header":"","neve_meta_disable_footer":"","neve_meta_disable_title":"","footnotes":""},"categories":[1],"tags":[],"class_list":["post-3392","post","type-post","status-publish","format-standard","has-post-thumbnail","hentry","category-sin-categoria"],"_links":{"self":[{"href":"https:\/\/victoria.gob.ar\/en\/wp-json\/wp\/v2\/posts\/3392","targetHints":{"allow":["GET"]}}],"collection":[{"href":"https:\/\/victoria.gob.ar\/en\/wp-json\/wp\/v2\/posts"}],"about":[{"href":"https:\/\/victoria.gob.ar\/en\/wp-json\/wp\/v2\/types\/post"}],"author":[{"embeddable":true,"href":"https:\/\/victoria.gob.ar\/en\/wp-json\/wp\/v2\/users\/2"}],"replies":[{"embeddable":true,"href":"https:\/\/victoria.gob.ar\/en\/wp-json\/wp\/v2\/comments?post=3392"}],"version-history":[{"count":0,"href":"https:\/\/victoria.gob.ar\/en\/wp-json\/wp\/v2\/posts\/3392\/revisions"}],"wp:featuredmedia":[{"embeddable":true,"href":"https:\/\/victoria.gob.ar\/en\/wp-json\/wp\/v2\/media\/3393"}],"wp:attachment":[{"href":"https:\/\/victoria.gob.ar\/en\/wp-json\/wp\/v2\/media?parent=3392"}],"wp:term":[{"taxonomy":"category","embeddable":true,"href":"https:\/\/victoria.gob.ar\/en\/wp-json\/wp\/v2\/categories?post=3392"},{"taxonomy":"post_tag","embeddable":true,"href":"https:\/\/victoria.gob.ar\/en\/wp-json\/wp\/v2\/tags?post=3392"}],"curies":[{"name":"wp","href":"https:\/\/api.w.org\/{rel}","templated":true}]}}