{"id":3391,"date":"2025-12-15T14:24:30","date_gmt":"2025-12-15T14:24:30","guid":{"rendered":"http:\/\/victoria.gob.ar\/es\/la-municipalidad-de-victoria-oficializo-mediante-decreto-un-esquema-especial-de-funcionamiento-de-la-administracion-publica-municipal-con-motivo-de-las-celebraciones-de-fin-de-ano-que-incluye-dias\/"},"modified":"2025-12-15T14:24:30","modified_gmt":"2025-12-15T14:24:30","slug":"la-municipalidad-de-victoria-oficializo-mediante-decreto-un-esquema-especial-de-funcionamiento-de-la-administracion-publica-municipal-con-motivo-de-las-celebraciones-de-fin-de-ano-que-incluye-dias","status":"publish","type":"post","link":"https:\/\/victoria.gob.ar\/en\/la-municipalidad-de-victoria-oficializo-mediante-decreto-un-esquema-especial-de-funcionamiento-de-la-administracion-publica-municipal-con-motivo-de-las-celebraciones-de-fin-de-ano-que-incluye-dias\/","title":{"rendered":"La Municipalidad de Victoria oficializ\u00f3, mediante decreto, un esquema especial de funcionamiento de la Administraci\u00f3n P\u00fablica Municipal con motivo de las celebraciones de fin de a\u00f1o, que incluye d\u00edas de asueto y receso administrativo, as\u00ed como la suspensi\u00f3n de los plazos administrativos."},"content":{"rendered":"<p>Seg\u00fan lo establecido, se otorgar\u00e1 asueto al personal municipal los d\u00edas 24 y 31 de diciembre del corriente a\u00f1o. En tanto, se dispuso receso administrativo los d\u00edas 26, 29 y 30 de diciembre de 2025 y el 2 de enero de 2026.<\/p>\n<div data-wp-interactive=\"core\/file\" class=\"wp-block-file\"><a href=\"https:\/\/victoria.gob.ar\/prensa\/wp-content\/uploads\/2025\/12\/DECRETO-No-743-25_RECESO-Y-ASUETO_000539.pdf\">DECRETO N\u00ba 743-25_RECESO Y ASUETO_000539<\/a><a href=\"https:\/\/victoria.gob.ar\/prensa\/wp-content\/uploads\/2025\/12\/DECRETO-No-743-25_RECESO-Y-ASUETO_000539.pdf\" class=\"wp-block-file__button wp-element-button\" download aria-describedby=\"wp-block-file--media-d09a5f22-22fe-4454-894a-184444982bbb\">Descarga<\/a><\/div>","protected":false},"excerpt":{"rendered":"<p>Seg\u00fan lo establecido, se otorgar\u00e1 asueto al personal municipal los d\u00edas 24 y 31 de diciembre del corriente a\u00f1o. En tanto, se dispuso receso administrativo los d\u00edas 26, 29 y 30 de diciembre de 2025 y el 2 de enero de 2026. DECRETO N\u00ba 743-25_RECESO Y ASUETO_000539Descarga<\/p>","protected":false},"author":2,"featured_media":1778,"comment_status":"open","ping_status":"open","sticky":false,"template":"","format":"standard","meta":{"neve_meta_sidebar":"","neve_meta_container":"","neve_meta_enable_content_width":"","neve_meta_content_width":0,"neve_meta_title_alignment":"","neve_meta_author_avatar":"","neve_post_elements_order":"","neve_meta_disable_header":"","neve_meta_disable_footer":"","neve_meta_disable_title":"","footnotes":""},"categories":[1],"tags":[],"class_list":["post-3391","post","type-post","status-publish","format-standard","has-post-thumbnail","hentry","category-sin-categoria"],"_links":{"self":[{"href":"https:\/\/victoria.gob.ar\/en\/wp-json\/wp\/v2\/posts\/3391","targetHints":{"allow":["GET"]}}],"collection":[{"href":"https:\/\/victoria.gob.ar\/en\/wp-json\/wp\/v2\/posts"}],"about":[{"href":"https:\/\/victoria.gob.ar\/en\/wp-json\/wp\/v2\/types\/post"}],"author":[{"embeddable":true,"href":"https:\/\/victoria.gob.ar\/en\/wp-json\/wp\/v2\/users\/2"}],"replies":[{"embeddable":true,"href":"https:\/\/victoria.gob.ar\/en\/wp-json\/wp\/v2\/comments?post=3391"}],"version-history":[{"count":0,"href":"https:\/\/victoria.gob.ar\/en\/wp-json\/wp\/v2\/posts\/3391\/revisions"}],"wp:featuredmedia":[{"embeddable":true,"href":"https:\/\/victoria.gob.ar\/en\/wp-json\/wp\/v2\/media\/1778"}],"wp:attachment":[{"href":"https:\/\/victoria.gob.ar\/en\/wp-json\/wp\/v2\/media?parent=3391"}],"wp:term":[{"taxonomy":"category","embeddable":true,"href":"https:\/\/victoria.gob.ar\/en\/wp-json\/wp\/v2\/categories?post=3391"},{"taxonomy":"post_tag","embeddable":true,"href":"https:\/\/victoria.gob.ar\/en\/wp-json\/wp\/v2\/tags?post=3391"}],"curies":[{"name":"wp","href":"https:\/\/api.w.org\/{rel}","templated":true}]}}