{"id":3380,"date":"2025-12-09T22:22:25","date_gmt":"2025-12-09T22:22:25","guid":{"rendered":"https:\/\/victoria.gob.ar\/es\/castagnino-firmo-un-convenio-con-el-stjer-para-fortalecer-la-lucha-contra-la-violencia-de-genero\/"},"modified":"2025-12-09T22:22:25","modified_gmt":"2025-12-09T22:22:25","slug":"castagnino-firmo-un-convenio-con-el-stjer-para-fortalecer-la-lucha-contra-la-violencia-de-genero","status":"publish","type":"post","link":"https:\/\/victoria.gob.ar\/en\/castagnino-firmo-un-convenio-con-el-stjer-para-fortalecer-la-lucha-contra-la-violencia-de-genero\/","title":{"rendered":"Castagnino firm\u00f3 un convenio con el STJER para fortalecer la lucha contra la Violencia de G\u00e9nero\u00a0"},"content":{"rendered":"<p>La Municipalidad de Victoria y el Superior Tribunal de Justicia de Entre R\u00edos (STJER) firmaron un Convenio Marco de Colaboraci\u00f3n que representa un avance importante en el fortalecimiento de la red local de protecci\u00f3n de derechos y en el abordaje integral de la violencia familiar, de g\u00e9nero y hacia personas del colectivo LGBTQ+.<\/p>\n<p>El acuerdo fue suscripto en Paran\u00e1 por la intendente, Isa Castagnino, y el presidente del Superior Tribunal de Justicia, Dr. Leonardo Portela, y establece un marco de trabajo conjunto con una vigencia inicial de dos a\u00f1os.<\/p>\n<p>A trav\u00e9s de este convenio, ambas instituciones se comprometen a articular acciones bajo los est\u00e1ndares internacionales de derechos humanos, con el objetivo de mejorar la prevenci\u00f3n, la atenci\u00f3n y el acceso a la justicia para las personas en situaci\u00f3n de vulnerabilidad.<\/p>\n<p>Entre los principales ejes del acuerdo se destacan:<\/p>\n<p>Capacitaci\u00f3n permanente: La Oficina de la Mujer del Poder Judicial brindar\u00e1 capacitaciones especializadas en perspectiva de g\u00e9nero, violencia dom\u00e9stica y debida diligencia, destinadas al personal municipal que interviene en estas problem\u00e1ticas, a trav\u00e9s del Campus Virtual del Instituto Alberdi y la plataforma Moodle de la Oficina de la Mujer.<\/p>\n<p>La promoci\u00f3n del acceso a la justicia: mediante la utilizaci\u00f3n y difusi\u00f3n del sistema de denuncias online del Poder Judicial de Entre R\u00edos.<\/p>\n<p>Acceso a la justicia: Se promover\u00e1 la implementaci\u00f3n y difusi\u00f3n del sistema de denuncias online del Poder Judicial de Entre R\u00edos, facilitando a los ciudadanos de Victoria un acceso m\u00e1s r\u00e1pido y sencillo a este recurso.<\/p>\n<p>Fortalecimiento del trabajo en red: Desde el Centro de G\u00e9nero del STJER se impulsar\u00e1 la conformaci\u00f3n de mesas interinstitucionales locales, integradas por organismos judiciales, la Municipalidad, fuerzas de seguridad y organizaciones sociales, para el an\u00e1lisis de casos complejos y el dise\u00f1o de estrategias de protecci\u00f3n integral.<\/p>\n<p>Producci\u00f3n de informaci\u00f3n y datos: Se coordinar\u00e1 la integraci\u00f3n de registros y datos estad\u00edsticos del Poder Judicial \u2014como el Registro Judicial de Causas y Antecedentes de Violencia (REJUCAV) y el Registro de Femicidios\u2014 con la informaci\u00f3n y experiencia territorial aportada por el Municipio, con el fin de elaborar informes que permitan identificar patrones, evaluar pol\u00edticas y mejorar las intervenciones.<\/p>\n<p>La coordinaci\u00f3n de las actas-acuerdo complementarias que permitir\u00e1n la implementaci\u00f3n de acciones espec\u00edficas estar\u00e1 a cargo de Mar\u00eda Fernanda Baima, directora de la Oficina de la Mujer y subrogante de la Oficina de Violencia de G\u00e9nero del STJER.<\/p>\n<p>Desde la Municipalidad de Victoria se contin\u00faa trabajando con el compromiso de seguir impulsando pol\u00edticas p\u00fablicas articuladas, basadas en datos, trabajo conjunto y una mirada integral de los derechos, para fortalecer la prevenci\u00f3n y el acceso a la justicia en la comunidad.<\/p>\n<figure class=\"wp-block-gallery has-nested-images columns-default is-cropped wp-block-gallery-1 is-layout-flex wp-block-gallery-is-layout-flex\">\n<figure class=\"wp-block-image size-large\"><img loading=\"lazy\" decoding=\"async\" width=\"1024\" height=\"682\" data-id=\"2371\" src=\"https:\/\/victoria.gob.ar\/prensa\/wp-content\/uploads\/2025\/12\/WhatsApp-Image-2025-12-09-at-18.37.04-1-1-1024x682.jpeg\" alt=\"\" class=\"wp-image-2371\" \/><\/figure>\n<figure class=\"wp-block-image size-large\"><img loading=\"lazy\" decoding=\"async\" width=\"1024\" height=\"682\" data-id=\"2370\" src=\"https:\/\/victoria.gob.ar\/prensa\/wp-content\/uploads\/2025\/12\/WhatsApp-Image-2025-12-09-at-18.37.04-2-1024x682.jpeg\" alt=\"\" class=\"wp-image-2370\" \/><\/figure>\n<\/figure>","protected":false},"excerpt":{"rendered":"<p>La Municipalidad de Victoria y el Superior Tribunal de Justicia de Entre R\u00edos (STJER) firmaron un Convenio Marco de Colaboraci\u00f3n que representa un avance importante en el fortalecimiento de la red local de protecci\u00f3n de derechos y en el abordaje integral de la violencia familiar, de g\u00e9nero y hacia personas del colectivo LGBTQ+. El acuerdo&hellip;&nbsp;<a href=\"https:\/\/victoria.gob.ar\/en\/castagnino-firmo-un-convenio-con-el-stjer-para-fortalecer-la-lucha-contra-la-violencia-de-genero\/\" rel=\"bookmark\"><span class=\"screen-reader-text\">Castagnino firm\u00f3 un convenio con el STJER para fortalecer la lucha contra la Violencia de G\u00e9nero\u00a0<\/span><\/a><\/p>","protected":false},"author":2,"featured_media":3381,"comment_status":"open","ping_status":"open","sticky":false,"template":"","format":"standard","meta":{"neve_meta_sidebar":"","neve_meta_container":"","neve_meta_enable_content_width":"","neve_meta_content_width":0,"neve_meta_title_alignment":"","neve_meta_author_avatar":"","neve_post_elements_order":"","neve_meta_disable_header":"","neve_meta_disable_footer":"","neve_meta_disable_title":"","footnotes":""},"categories":[1],"tags":[],"class_list":["post-3380","post","type-post","status-publish","format-standard","has-post-thumbnail","hentry","category-sin-categoria"],"_links":{"self":[{"href":"https:\/\/victoria.gob.ar\/en\/wp-json\/wp\/v2\/posts\/3380","targetHints":{"allow":["GET"]}}],"collection":[{"href":"https:\/\/victoria.gob.ar\/en\/wp-json\/wp\/v2\/posts"}],"about":[{"href":"https:\/\/victoria.gob.ar\/en\/wp-json\/wp\/v2\/types\/post"}],"author":[{"embeddable":true,"href":"https:\/\/victoria.gob.ar\/en\/wp-json\/wp\/v2\/users\/2"}],"replies":[{"embeddable":true,"href":"https:\/\/victoria.gob.ar\/en\/wp-json\/wp\/v2\/comments?post=3380"}],"version-history":[{"count":0,"href":"https:\/\/victoria.gob.ar\/en\/wp-json\/wp\/v2\/posts\/3380\/revisions"}],"wp:featuredmedia":[{"embeddable":true,"href":"https:\/\/victoria.gob.ar\/en\/wp-json\/wp\/v2\/media\/3381"}],"wp:attachment":[{"href":"https:\/\/victoria.gob.ar\/en\/wp-json\/wp\/v2\/media?parent=3380"}],"wp:term":[{"taxonomy":"category","embeddable":true,"href":"https:\/\/victoria.gob.ar\/en\/wp-json\/wp\/v2\/categories?post=3380"},{"taxonomy":"post_tag","embeddable":true,"href":"https:\/\/victoria.gob.ar\/en\/wp-json\/wp\/v2\/tags?post=3380"}],"curies":[{"name":"wp","href":"https:\/\/api.w.org\/{rel}","templated":true}]}}