{"id":3351,"date":"2025-11-29T16:55:45","date_gmt":"2025-11-29T16:55:45","guid":{"rendered":"http:\/\/victoria.gob.ar\/es\/gracias-a-un-convenio-firmado-con-la-unr\/"},"modified":"2025-11-29T16:55:45","modified_gmt":"2025-11-29T16:55:45","slug":"gracias-a-un-convenio-firmado-con-la-unr","status":"publish","type":"post","link":"https:\/\/victoria.gob.ar\/en\/gracias-a-un-convenio-firmado-con-la-unr\/","title":{"rendered":"Gracias a un convenio firmado con la UNR"},"content":{"rendered":"<p>HOY SE PRESENT\u00d3 LA MUESTRA DE PROYECTOS ARQUITECT\u00d3NICOS Y URBAN\u00cdSTICOS DE VICTORIA<\/p>\n<p>Este viernes 27 de diciembre se llev\u00f3 adelante, en el hall del Cine Teatro Victoria, la presentaci\u00f3n de los trabajos realizados por estudiantes de la Facultad de Arquitectura, Planeamiento y Dise\u00f1o de la Universidad Nacional de Rosario.<\/p>\n<p>La exposici\u00f3n surge del convenio de cooperaci\u00f3n t\u00e9cnica firmado entre la Municipalidad de Victoria y la UNR, que permiti\u00f3 que m\u00e1s de 50 estudiantes desarrollaran exploraciones proyectuales urban\u00edsticas y arquitect\u00f3nicas sobre distintos sectores de nuestra ciudad.<\/p>\n<p>Los trabajos exhibidos abarcan dos grandes l\u00edneas:<\/p>\n<p><img decoding=\"async\" src=\"https:\/\/s.w.org\/images\/core\/emoji\/16.0.1\/72x72\/1f3db.png\" alt=\"&#x1f3db;\" class=\"wp-smiley\" \/> Proyecto Arquitect\u00f3nico<br \/>Exploraciones sobre la ciudad contempor\u00e1nea, sus bordes, el agua y los territorios que conforman nuestra identidad territorial.<\/p>\n<p><img decoding=\"async\" src=\"https:\/\/s.w.org\/images\/core\/emoji\/16.0.1\/72x72\/1f33f.png\" alt=\"&#x1f33f;\" class=\"wp-smiley\" \/> Intervenci\u00f3n Urban\u00edstica<br \/>Estudios sobre el sistema de la costa, el n\u00facleo hist\u00f3rico y la conformaci\u00f3n de un corredor verde que articule el Cerro La Matanza, el circuito ferrocarril Antelo y los caminos rurales entre estancias.<\/p>\n<p>La muestra quedar\u00e1 disponible en el hall del Cine Teatro Victoria (Alem 64) de lunes a viernes en el horario de 07:00 a 19:00 h. Quienes deseen recorrerla pueden hacerlo hasta el lunes 8 de diciembre inclusive para conocer c\u00f3mo la mirada acad\u00e9mica aporta ideas, diagn\u00f3sticos y posibilidades para seguir pensando el futuro urbano de Victoria.<\/p>\n<p>Mir\u00e1 todos los proyectos a trav\u00e9s del siguiente enlace: <\/p>\n<p><a href=\"https:\/\/drive.google.com\/drive\/folders\/1Pp5_rTBYgogv7xcODuA0xsoP79spxux5?usp=sharing\" target=\"_blank\">Abrir carpeta en Google Drive<\/a><\/p>","protected":false},"excerpt":{"rendered":"<p>HOY SE PRESENT\u00d3 LA MUESTRA DE PROYECTOS ARQUITECT\u00d3NICOS Y URBAN\u00cdSTICOS DE VICTORIA Este viernes 27 de diciembre se llev\u00f3 adelante, en el hall del Cine Teatro Victoria, la presentaci\u00f3n de los trabajos realizados por estudiantes de la Facultad de Arquitectura, Planeamiento y Dise\u00f1o de la Universidad Nacional de Rosario. La exposici\u00f3n surge del convenio de&hellip;&nbsp;<a href=\"https:\/\/victoria.gob.ar\/en\/gracias-a-un-convenio-firmado-con-la-unr\/\" rel=\"bookmark\"><span class=\"screen-reader-text\">Gracias a un convenio firmado con la UNR<\/span><\/a><\/p>","protected":false},"author":2,"featured_media":1778,"comment_status":"open","ping_status":"open","sticky":false,"template":"","format":"standard","meta":{"neve_meta_sidebar":"","neve_meta_container":"","neve_meta_enable_content_width":"","neve_meta_content_width":0,"neve_meta_title_alignment":"","neve_meta_author_avatar":"","neve_post_elements_order":"","neve_meta_disable_header":"","neve_meta_disable_footer":"","neve_meta_disable_title":"","footnotes":""},"categories":[1],"tags":[],"class_list":["post-3351","post","type-post","status-publish","format-standard","has-post-thumbnail","hentry","category-sin-categoria"],"_links":{"self":[{"href":"https:\/\/victoria.gob.ar\/en\/wp-json\/wp\/v2\/posts\/3351","targetHints":{"allow":["GET"]}}],"collection":[{"href":"https:\/\/victoria.gob.ar\/en\/wp-json\/wp\/v2\/posts"}],"about":[{"href":"https:\/\/victoria.gob.ar\/en\/wp-json\/wp\/v2\/types\/post"}],"author":[{"embeddable":true,"href":"https:\/\/victoria.gob.ar\/en\/wp-json\/wp\/v2\/users\/2"}],"replies":[{"embeddable":true,"href":"https:\/\/victoria.gob.ar\/en\/wp-json\/wp\/v2\/comments?post=3351"}],"version-history":[{"count":0,"href":"https:\/\/victoria.gob.ar\/en\/wp-json\/wp\/v2\/posts\/3351\/revisions"}],"wp:featuredmedia":[{"embeddable":true,"href":"https:\/\/victoria.gob.ar\/en\/wp-json\/wp\/v2\/media\/1778"}],"wp:attachment":[{"href":"https:\/\/victoria.gob.ar\/en\/wp-json\/wp\/v2\/media?parent=3351"}],"wp:term":[{"taxonomy":"category","embeddable":true,"href":"https:\/\/victoria.gob.ar\/en\/wp-json\/wp\/v2\/categories?post=3351"},{"taxonomy":"post_tag","embeddable":true,"href":"https:\/\/victoria.gob.ar\/en\/wp-json\/wp\/v2\/tags?post=3351"}],"curies":[{"name":"wp","href":"https:\/\/api.w.org\/{rel}","templated":true}]}}