{"id":3338,"date":"2025-11-27T13:27:20","date_gmt":"2025-11-27T13:27:20","guid":{"rendered":"https:\/\/victoria.gob.ar\/es\/convocatoria-docente\/"},"modified":"2025-11-27T13:27:20","modified_gmt":"2025-11-27T13:27:20","slug":"convocatoria-docente","status":"publish","type":"post","link":"https:\/\/victoria.gob.ar\/en\/convocatoria-docente\/","title":{"rendered":"CONVOCATORIA DOCENTE"},"content":{"rendered":"<p>Profesorado en Docencia Superior<\/p>\n<p>Modalidad semipresencial (encuentros presenciales y clases asincr\u00f3nicas). Manejo de plataforma.<\/p>\n<p>Se abre el Concurso P\u00fablico de T\u00edtulos, Antecedentes y Oposici\u00f3n para cubrir espacios del Primer Trayecto:<\/p>\n<ul class=\"wp-block-list\">\n<li>Pol\u00edtica, sistema y planeamiento institucional<\/li>\n<li>Psicolog\u00eda del desarrollo humano<\/li>\n<li>Modelos y t\u00e9cnicas de la comunicaci\u00f3n (2 cargos)<\/li>\n<\/ul>\n<p>Requisitos:<\/p>\n<ul class=\"wp-block-list\">\n<li>T\u00edtulo docente acorde.<\/li>\n<li>T\u00edtulo universitario a fin a la especialidad.<\/li>\n<li>Experiencia docente en Nivel Superior.<\/li>\n<li>Disponibilidad horaria (s\u00e1bados).<\/li>\n<\/ul>\n<p>Documentaci\u00f3n:<br \/>CV + antecedentes + planificaci\u00f3n (papel y PDF).<br \/>Clase p\u00fablica y coloquio.<\/p>\n<p>Inscripci\u00f3n:<br \/><img decoding=\"async\" src=\"https:\/\/s.w.org\/images\/core\/emoji\/16.0.1\/72x72\/1f4cd.png\" alt=\"&#x1f4cd;\" class=\"wp-smiley\"\/> Direcci\u00f3n de Cultura \u2013 Alem 64<br \/><img decoding=\"async\" src=\"https:\/\/s.w.org\/images\/core\/emoji\/16.0.1\/72x72\/1f4c5.png\" alt=\"&#x1f4c5;\" class=\"wp-smiley\"\/> 1 al 15 de diciembre<br \/><img decoding=\"async\" src=\"https:\/\/s.w.org\/images\/core\/emoji\/16.0.1\/72x72\/23f0.png\" alt=\"&#x23f0;\" class=\"wp-smiley\"\/> 09:00 a 12:00 h<\/p>\n<p><img decoding=\"async\" src=\"https:\/\/s.w.org\/images\/core\/emoji\/16.0.1\/72x72\/2139.png\" alt=\"&#x2139;\" class=\"wp-smiley\"\/> Para consultas, enviar un <img decoding=\"async\" src=\"https:\/\/s.w.org\/images\/core\/emoji\/16.0.1\/72x72\/1f4e7.png\" alt=\"&#x1f4e7;\" class=\"wp-smiley\"\/> correo electr\u00f3nico a: aulavirtual@victoria.gob.ar<\/p>\n<p>Organizan: Municipalidad de Victoria \u2013 UTN FR Paran\u00e1<\/p>\n<figure class=\"wp-block-gallery has-nested-images columns-default is-cropped wp-block-gallery-1 is-layout-flex wp-block-gallery-is-layout-flex\">\n<figure class=\"wp-block-image size-large\"><img loading=\"lazy\" decoding=\"async\" width=\"819\" height=\"1024\" data-id=\"2318\" src=\"https:\/\/victoria.gob.ar\/prensa\/wp-content\/uploads\/2025\/11\/WhatsApp-Image-2025-11-27-at-18.53.23-819x1024.jpeg\" alt=\"\" class=\"wp-image-2318\"\/><\/figure>\n<figure class=\"wp-block-image size-large\"><img loading=\"lazy\" decoding=\"async\" width=\"819\" height=\"1024\" data-id=\"2319\" src=\"https:\/\/victoria.gob.ar\/prensa\/wp-content\/uploads\/2025\/11\/WhatsApp-Image-2025-11-27-at-18.53.24-819x1024.jpeg\" alt=\"\" class=\"wp-image-2319\"\/><\/figure>\n<\/figure>","protected":false},"excerpt":{"rendered":"<p>Profesorado en Docencia Superior Modalidad semipresencial (encuentros presenciales y clases asincr\u00f3nicas). Manejo de plataforma. Se abre el Concurso P\u00fablico de T\u00edtulos, Antecedentes y Oposici\u00f3n para cubrir espacios del Primer Trayecto: Pol\u00edtica, sistema y planeamiento institucional Psicolog\u00eda del desarrollo humano Modelos y t\u00e9cnicas de la comunicaci\u00f3n (2 cargos) Requisitos: T\u00edtulo docente acorde. T\u00edtulo universitario a fin&hellip;&nbsp;<a href=\"https:\/\/victoria.gob.ar\/en\/convocatoria-docente\/\" rel=\"bookmark\"><span class=\"screen-reader-text\">CONVOCATORIA DOCENTE<\/span><\/a><\/p>","protected":false},"author":2,"featured_media":3339,"comment_status":"open","ping_status":"open","sticky":false,"template":"","format":"standard","meta":{"neve_meta_sidebar":"","neve_meta_container":"","neve_meta_enable_content_width":"","neve_meta_content_width":0,"neve_meta_title_alignment":"","neve_meta_author_avatar":"","neve_post_elements_order":"","neve_meta_disable_header":"","neve_meta_disable_footer":"","neve_meta_disable_title":"","footnotes":""},"categories":[1],"tags":[],"class_list":["post-3338","post","type-post","status-publish","format-standard","has-post-thumbnail","hentry","category-sin-categoria"],"_links":{"self":[{"href":"https:\/\/victoria.gob.ar\/en\/wp-json\/wp\/v2\/posts\/3338","targetHints":{"allow":["GET"]}}],"collection":[{"href":"https:\/\/victoria.gob.ar\/en\/wp-json\/wp\/v2\/posts"}],"about":[{"href":"https:\/\/victoria.gob.ar\/en\/wp-json\/wp\/v2\/types\/post"}],"author":[{"embeddable":true,"href":"https:\/\/victoria.gob.ar\/en\/wp-json\/wp\/v2\/users\/2"}],"replies":[{"embeddable":true,"href":"https:\/\/victoria.gob.ar\/en\/wp-json\/wp\/v2\/comments?post=3338"}],"version-history":[{"count":0,"href":"https:\/\/victoria.gob.ar\/en\/wp-json\/wp\/v2\/posts\/3338\/revisions"}],"wp:featuredmedia":[{"embeddable":true,"href":"https:\/\/victoria.gob.ar\/en\/wp-json\/wp\/v2\/media\/3339"}],"wp:attachment":[{"href":"https:\/\/victoria.gob.ar\/en\/wp-json\/wp\/v2\/media?parent=3338"}],"wp:term":[{"taxonomy":"category","embeddable":true,"href":"https:\/\/victoria.gob.ar\/en\/wp-json\/wp\/v2\/categories?post=3338"},{"taxonomy":"post_tag","embeddable":true,"href":"https:\/\/victoria.gob.ar\/en\/wp-json\/wp\/v2\/tags?post=3338"}],"curies":[{"name":"wp","href":"https:\/\/api.w.org\/{rel}","templated":true}]}}