{"id":3323,"date":"2025-11-23T11:48:54","date_gmt":"2025-11-23T11:48:54","guid":{"rendered":"https:\/\/victoria.gob.ar\/es\/victoria-vive-la-fiesta-del-sabalo-y-regionales\/"},"modified":"2025-11-23T11:48:54","modified_gmt":"2025-11-23T11:48:54","slug":"victoria-vive-la-fiesta-del-sabalo-y-regionales","status":"publish","type":"post","link":"https:\/\/victoria.gob.ar\/en\/victoria-vive-la-fiesta-del-sabalo-y-regionales\/","title":{"rendered":"\u00a1VICTORIA VIVE LA FIESTA DEL S\u00c1BALO Y REGIONALES!"},"content":{"rendered":"<p>El s\u00e1bado, la presidente municipal, Isa Castagnino, junto al senador Victor Sanzberro, funcionarios municipales e integrantes del Ente Mixto de Turismo, realizaron el acto inaugural y el corte de cinta a las 12:30 h en Playa Alto, dando inicio a una jornada llena de nuestra cultura.<\/p>\n<p>El escenario principal fue nombrado Arnoldo Valentini \u201cEl Canoero\u201d, en homenaje al querido m\u00fasico que marc\u00f3 la identidad cultural de nuestra regi\u00f3n.<\/p>\n<p>Tambi\u00e9n, contamos con la presencia de nuestra Representante Departamental del Carnaval, Melanie Here\u00f1\u00fa; la primera finalista, Ana Paula Colazo; la segunda finalista, Agustina Here\u00f1\u00fa; la Representante Provincial de los Estudiantes, Ernestina Otegui; y la Flor del Pago, Julieta Akerman. Desde la Municipalidad de Victoria les agradecemos por sus constantes presencias y porque siempre representen a Victoria de la mejor forma.<\/p>\n<p>Adem\u00e1s, Marcos Pereyra, embajador del canto de Victoria, ya brind\u00f3 un espectacular show musical.<\/p>\n<p>Y ya fueron elegidas las paisanas de la fiesta:<\/p>\n<ul class=\"wp-block-list\">\n<li>Paisana: Narela Rubin, de \u00abLos Amigos\u00bb<\/li>\n<li>Paisana 1: Sol Vel\u00e1zquez, de \u00abLa sin Cencerro\u00bb<\/li>\n<li>Paisana 2: Antonella Fraga, de \u00abEl Redomon\u00bb<\/li>\n<\/ul>\n<p>En estos momentos, la fiesta contin\u00faa con diversos espect\u00e1culos musicales, presencia de emprendedores, oferta gastron\u00f3mica y shows en vivo que llenan de identidad el evento.<\/p>\n<p>Consult\u00e1 la programaci\u00f3n a trav\u00e9s del siguiente enlace: https:\/\/www.facebook.com\/share\/p\/1H5Xjexiow\/<\/p>\n<figure class=\"wp-block-gallery has-nested-images columns-default is-cropped wp-block-gallery-2 is-layout-flex wp-block-gallery-is-layout-flex\">\n<figure class=\"wp-block-image size-large\"><img decoding=\"async\" loading=\"lazy\" width=\"1024\" height=\"682\" data-id=\"2286\" src=\"https:\/\/victoria.gob.ar\/prensa\/wp-content\/uploads\/2025\/11\/WhatsApp-Image-2025-11-23-at-00.29.56-1024x682.jpeg\" alt=\"\" class=\"wp-image-2286\"\/><\/figure>\n<figure class=\"wp-block-image size-large\"><img decoding=\"async\" loading=\"lazy\" width=\"1024\" height=\"682\" data-id=\"2285\" src=\"https:\/\/victoria.gob.ar\/prensa\/wp-content\/uploads\/2025\/11\/WhatsApp-Image-2025-11-23-at-00.29.55-1-1024x682.jpeg\" alt=\"\" class=\"wp-image-2285\"\/><\/figure>\n<figure class=\"wp-block-image size-large\"><img decoding=\"async\" loading=\"lazy\" width=\"1024\" height=\"682\" data-id=\"2290\" src=\"https:\/\/victoria.gob.ar\/prensa\/wp-content\/uploads\/2025\/11\/WhatsApp-Image-2025-11-23-at-00.29.55-1024x682.jpeg\" alt=\"\" class=\"wp-image-2290\"\/><\/figure>\n<figure class=\"wp-block-image size-large\"><img decoding=\"async\" loading=\"lazy\" width=\"1024\" height=\"682\" data-id=\"2289\" src=\"https:\/\/victoria.gob.ar\/prensa\/wp-content\/uploads\/2025\/11\/WhatsApp-Image-2025-11-23-at-00.29.54-2-1024x682.jpeg\" alt=\"\" class=\"wp-image-2289\"\/><\/figure>\n<figure class=\"wp-block-image size-large\"><img decoding=\"async\" loading=\"lazy\" width=\"1024\" height=\"682\" data-id=\"2287\" src=\"https:\/\/victoria.gob.ar\/prensa\/wp-content\/uploads\/2025\/11\/WhatsApp-Image-2025-11-23-at-00.29.54-1-1024x682.jpeg\" alt=\"\" class=\"wp-image-2287\"\/><\/figure>\n<figure class=\"wp-block-image size-large\"><img decoding=\"async\" loading=\"lazy\" width=\"1024\" height=\"682\" data-id=\"2288\" src=\"https:\/\/victoria.gob.ar\/prensa\/wp-content\/uploads\/2025\/11\/WhatsApp-Image-2025-11-23-at-00.29.54-1024x682.jpeg\" alt=\"\" class=\"wp-image-2288\"\/><\/figure>\n<figure class=\"wp-block-image size-large\"><img decoding=\"async\" loading=\"lazy\" width=\"1024\" height=\"682\" data-id=\"2291\" src=\"https:\/\/victoria.gob.ar\/prensa\/wp-content\/uploads\/2025\/11\/WhatsApp-Image-2025-11-23-at-00.29.53-1024x682.jpeg\" alt=\"\" class=\"wp-image-2291\"\/><\/figure>\n<\/figure>","protected":false},"excerpt":{"rendered":"<p>El s\u00e1bado, la presidente municipal, Isa Castagnino, junto al senador Victor Sanzberro, funcionarios municipales e integrantes del Ente Mixto de Turismo, realizaron el acto inaugural y el corte de cinta a las 12:30 h en Playa Alto, dando inicio a una jornada llena de nuestra cultura. El escenario principal fue nombrado Arnoldo Valentini \u201cEl Canoero\u201d,&hellip;&nbsp;<a href=\"https:\/\/victoria.gob.ar\/en\/victoria-vive-la-fiesta-del-sabalo-y-regionales\/\" rel=\"bookmark\"><span class=\"screen-reader-text\">\u00a1VICTORIA VIVE LA FIESTA DEL S\u00c1BALO Y REGIONALES!<\/span><\/a><\/p>","protected":false},"author":2,"featured_media":3324,"comment_status":"open","ping_status":"open","sticky":false,"template":"","format":"standard","meta":{"neve_meta_sidebar":"","neve_meta_container":"","neve_meta_enable_content_width":"","neve_meta_content_width":0,"neve_meta_title_alignment":"","neve_meta_author_avatar":"","neve_post_elements_order":"","neve_meta_disable_header":"","neve_meta_disable_footer":"","neve_meta_disable_title":"","footnotes":""},"categories":[1],"tags":[],"class_list":["post-3323","post","type-post","status-publish","format-standard","has-post-thumbnail","hentry","category-sin-categoria"],"_links":{"self":[{"href":"https:\/\/victoria.gob.ar\/en\/wp-json\/wp\/v2\/posts\/3323","targetHints":{"allow":["GET"]}}],"collection":[{"href":"https:\/\/victoria.gob.ar\/en\/wp-json\/wp\/v2\/posts"}],"about":[{"href":"https:\/\/victoria.gob.ar\/en\/wp-json\/wp\/v2\/types\/post"}],"author":[{"embeddable":true,"href":"https:\/\/victoria.gob.ar\/en\/wp-json\/wp\/v2\/users\/2"}],"replies":[{"embeddable":true,"href":"https:\/\/victoria.gob.ar\/en\/wp-json\/wp\/v2\/comments?post=3323"}],"version-history":[{"count":0,"href":"https:\/\/victoria.gob.ar\/en\/wp-json\/wp\/v2\/posts\/3323\/revisions"}],"wp:featuredmedia":[{"embeddable":true,"href":"https:\/\/victoria.gob.ar\/en\/wp-json\/wp\/v2\/media\/3324"}],"wp:attachment":[{"href":"https:\/\/victoria.gob.ar\/en\/wp-json\/wp\/v2\/media?parent=3323"}],"wp:term":[{"taxonomy":"category","embeddable":true,"href":"https:\/\/victoria.gob.ar\/en\/wp-json\/wp\/v2\/categories?post=3323"},{"taxonomy":"post_tag","embeddable":true,"href":"https:\/\/victoria.gob.ar\/en\/wp-json\/wp\/v2\/tags?post=3323"}],"curies":[{"name":"wp","href":"https:\/\/api.w.org\/{rel}","templated":true}]}}