{"id":3319,"date":"2025-11-23T11:52:23","date_gmt":"2025-11-23T11:52:23","guid":{"rendered":"https:\/\/victoria.gob.ar\/es\/victoria-limpia-en-el-tercer-cuartel\/"},"modified":"2025-11-23T11:52:23","modified_gmt":"2025-11-23T11:52:23","slug":"victoria-limpia-en-el-tercer-cuartel","status":"publish","type":"post","link":"https:\/\/victoria.gob.ar\/en\/victoria-limpia-en-el-tercer-cuartel\/","title":{"rendered":"\u00abVICTORIA LIMPIA\u00bb EN EL TERCER CUARTEL"},"content":{"rendered":"<p>Retiramos de forma programada tus objetos en desuso.<\/p>\n<p><img decoding=\"async\" src=\"https:\/\/s.w.org\/images\/core\/emoji\/16.0.1\/72x72\/1f914.png\" alt=\"&#x1f914;\" class=\"wp-smiley\"\/> \u00bfQu\u00e9 pod\u00e9s sacar?<br \/><img decoding=\"async\" src=\"https:\/\/s.w.org\/images\/core\/emoji\/16.0.1\/72x72\/2705.png\" alt=\"&#x2705;\" class=\"wp-smiley\"\/> Tachos, neum\u00e1ticos, botellas, chatarra, todos tus recipientes y objetos en desuso.<br \/><img decoding=\"async\" src=\"https:\/\/s.w.org\/images\/core\/emoji\/16.0.1\/72x72\/2705.png\" alt=\"&#x2705;\" class=\"wp-smiley\"\/> Tambi\u00e9n, pod\u00e9s sacar ramas, restos de poda, tierra y escombros.<br \/><img decoding=\"async\" src=\"https:\/\/s.w.org\/images\/core\/emoji\/16.0.1\/72x72\/26a0.png\" alt=\"&#x26a0;\" class=\"wp-smiley\"\/> Es muy importante que al retirar estos objetos lo hagas separ\u00e1ndolos cada uno por su categor\u00eda correspondiente.<\/p>\n<p><img decoding=\"async\" src=\"https:\/\/s.w.org\/images\/core\/emoji\/16.0.1\/72x72\/2139.png\" alt=\"&#x2139;\" class=\"wp-smiley\"\/> Si sos vecino del Tercer Cuartel, \u00a1pod\u00e9s sacar a la vereda tus objetos en desuso desde el martes 25 de noviembre hasta el viernes 5 de diciembre.<\/p>\n<p>El \u00e9xito de esta campa\u00f1a tambi\u00e9n depende de <img decoding=\"async\" src=\"https:\/\/s.w.org\/images\/core\/emoji\/16.0.1\/72x72\/1faf5-1f3fc.png\" alt=\"&#x1faf5;&#x1f3fc;\" class=\"wp-smiley\"\/> vos.<\/p>\n<figure class=\"wp-block-gallery has-nested-images columns-default is-cropped wp-block-gallery-1 is-layout-flex wp-block-gallery-is-layout-flex\">\n<figure class=\"wp-block-image size-large\"><img loading=\"lazy\" decoding=\"async\" width=\"819\" height=\"1024\" data-id=\"2298\" src=\"https:\/\/victoria.gob.ar\/prensa\/wp-content\/uploads\/2025\/11\/WhatsApp-Image-2025-11-23-at-19.32.53-1-819x1024.jpeg\" alt=\"\" class=\"wp-image-2298\"\/><\/figure>\n<figure class=\"wp-block-image size-large\"><img loading=\"lazy\" decoding=\"async\" width=\"819\" height=\"1024\" data-id=\"2299\" src=\"https:\/\/victoria.gob.ar\/prensa\/wp-content\/uploads\/2025\/11\/WhatsApp-Image-2025-11-23-at-19.32.53-819x1024.jpeg\" alt=\"\" class=\"wp-image-2299\"\/><\/figure>\n<\/figure>","protected":false},"excerpt":{"rendered":"<p>Retiramos de forma programada tus objetos en desuso. \u00bfQu\u00e9 pod\u00e9s sacar? Tachos, neum\u00e1ticos, botellas, chatarra, todos tus recipientes y objetos en desuso. Tambi\u00e9n, pod\u00e9s sacar ramas, restos de poda, tierra y escombros. Es muy importante que al retirar estos objetos lo hagas separ\u00e1ndolos cada uno por su categor\u00eda correspondiente. Si sos vecino del Tercer Cuartel,&hellip;&nbsp;<a href=\"https:\/\/victoria.gob.ar\/en\/victoria-limpia-en-el-tercer-cuartel\/\" rel=\"bookmark\"><span class=\"screen-reader-text\">\u00abVICTORIA LIMPIA\u00bb EN EL TERCER CUARTEL<\/span><\/a><\/p>","protected":false},"author":2,"featured_media":3320,"comment_status":"open","ping_status":"open","sticky":false,"template":"","format":"standard","meta":{"neve_meta_sidebar":"","neve_meta_container":"","neve_meta_enable_content_width":"","neve_meta_content_width":0,"neve_meta_title_alignment":"","neve_meta_author_avatar":"","neve_post_elements_order":"","neve_meta_disable_header":"","neve_meta_disable_footer":"","neve_meta_disable_title":"","footnotes":""},"categories":[1],"tags":[],"class_list":["post-3319","post","type-post","status-publish","format-standard","has-post-thumbnail","hentry","category-sin-categoria"],"_links":{"self":[{"href":"https:\/\/victoria.gob.ar\/en\/wp-json\/wp\/v2\/posts\/3319","targetHints":{"allow":["GET"]}}],"collection":[{"href":"https:\/\/victoria.gob.ar\/en\/wp-json\/wp\/v2\/posts"}],"about":[{"href":"https:\/\/victoria.gob.ar\/en\/wp-json\/wp\/v2\/types\/post"}],"author":[{"embeddable":true,"href":"https:\/\/victoria.gob.ar\/en\/wp-json\/wp\/v2\/users\/2"}],"replies":[{"embeddable":true,"href":"https:\/\/victoria.gob.ar\/en\/wp-json\/wp\/v2\/comments?post=3319"}],"version-history":[{"count":0,"href":"https:\/\/victoria.gob.ar\/en\/wp-json\/wp\/v2\/posts\/3319\/revisions"}],"wp:featuredmedia":[{"embeddable":true,"href":"https:\/\/victoria.gob.ar\/en\/wp-json\/wp\/v2\/media\/3320"}],"wp:attachment":[{"href":"https:\/\/victoria.gob.ar\/en\/wp-json\/wp\/v2\/media?parent=3319"}],"wp:term":[{"taxonomy":"category","embeddable":true,"href":"https:\/\/victoria.gob.ar\/en\/wp-json\/wp\/v2\/categories?post=3319"},{"taxonomy":"post_tag","embeddable":true,"href":"https:\/\/victoria.gob.ar\/en\/wp-json\/wp\/v2\/tags?post=3319"}],"curies":[{"name":"wp","href":"https:\/\/api.w.org\/{rel}","templated":true}]}}