{"id":3307,"date":"2025-11-14T14:43:51","date_gmt":"2025-11-14T14:43:51","guid":{"rendered":"https:\/\/victoria.gob.ar\/es\/la-municipalidad-de-victoria-informa-que-los-banos-publicos-de-la-zona-costanera-ubicados-junto-a-las-velas-permaneceran-cerrados-desde-el-lunes-17-hasta-el-jueves-20-de-noviembre-debido-a-las-refac\/"},"modified":"2025-11-14T14:43:51","modified_gmt":"2025-11-14T14:43:51","slug":"la-municipalidad-de-victoria-informa-que-los-banos-publicos-de-la-zona-costanera-ubicados-junto-a-las-velas-permaneceran-cerrados-desde-el-lunes-17-hasta-el-jueves-20-de-noviembre-debido-a-las-refac","status":"publish","type":"post","link":"https:\/\/victoria.gob.ar\/en\/la-municipalidad-de-victoria-informa-que-los-banos-publicos-de-la-zona-costanera-ubicados-junto-a-las-velas-permaneceran-cerrados-desde-el-lunes-17-hasta-el-jueves-20-de-noviembre-debido-a-las-refac\/","title":{"rendered":"La Municipalidad de Victoria informa que los ba\u00f1os p\u00fablicos de la zona Costanera, ubicados junto a Las Velas, permanecer\u00e1n cerrados desde el lunes 17 hasta el jueves 20 de noviembre debido a las refacciones que se realizar\u00e1n en los mismos."},"content":{"rendered":"<p>Durante esos d\u00edas, estar\u00e1n disponibles los ba\u00f1os p\u00fablicos del predio de La Vieja Estaci\u00f3n, que funcionar\u00e1n en el horario de 08:30 a 19:30 h.<\/p>\n<p>Se agradece la comprensi\u00f3n de los vecinos mientras se avanza con estas mejoras en los espacios p\u00fablicos de nuestra ciudad.<\/p>\n<figure class=\"wp-block-image size-large\"><img decoding=\"async\" loading=\"lazy\" width=\"819\" height=\"1024\" src=\"https:\/\/victoria.gob.ar\/prensa\/wp-content\/uploads\/2025\/11\/WhatsApp-Image-2025-11-14-at-14.20.10-819x1024.jpeg\" alt=\"\" class=\"wp-image-2194\"\/><\/figure>","protected":false},"excerpt":{"rendered":"<p>Durante esos d\u00edas, estar\u00e1n disponibles los ba\u00f1os p\u00fablicos del predio de La Vieja Estaci\u00f3n, que funcionar\u00e1n en el horario de 08:30 a 19:30 h. Se agradece la comprensi\u00f3n de los vecinos mientras se avanza con estas mejoras en los espacios p\u00fablicos de nuestra ciudad.<\/p>","protected":false},"author":2,"featured_media":3308,"comment_status":"open","ping_status":"open","sticky":false,"template":"","format":"standard","meta":{"neve_meta_sidebar":"","neve_meta_container":"","neve_meta_enable_content_width":"","neve_meta_content_width":0,"neve_meta_title_alignment":"","neve_meta_author_avatar":"","neve_post_elements_order":"","neve_meta_disable_header":"","neve_meta_disable_footer":"","neve_meta_disable_title":"","footnotes":""},"categories":[1],"tags":[],"class_list":["post-3307","post","type-post","status-publish","format-standard","has-post-thumbnail","hentry","category-sin-categoria"],"_links":{"self":[{"href":"https:\/\/victoria.gob.ar\/en\/wp-json\/wp\/v2\/posts\/3307","targetHints":{"allow":["GET"]}}],"collection":[{"href":"https:\/\/victoria.gob.ar\/en\/wp-json\/wp\/v2\/posts"}],"about":[{"href":"https:\/\/victoria.gob.ar\/en\/wp-json\/wp\/v2\/types\/post"}],"author":[{"embeddable":true,"href":"https:\/\/victoria.gob.ar\/en\/wp-json\/wp\/v2\/users\/2"}],"replies":[{"embeddable":true,"href":"https:\/\/victoria.gob.ar\/en\/wp-json\/wp\/v2\/comments?post=3307"}],"version-history":[{"count":0,"href":"https:\/\/victoria.gob.ar\/en\/wp-json\/wp\/v2\/posts\/3307\/revisions"}],"wp:featuredmedia":[{"embeddable":true,"href":"https:\/\/victoria.gob.ar\/en\/wp-json\/wp\/v2\/media\/3308"}],"wp:attachment":[{"href":"https:\/\/victoria.gob.ar\/en\/wp-json\/wp\/v2\/media?parent=3307"}],"wp:term":[{"taxonomy":"category","embeddable":true,"href":"https:\/\/victoria.gob.ar\/en\/wp-json\/wp\/v2\/categories?post=3307"},{"taxonomy":"post_tag","embeddable":true,"href":"https:\/\/victoria.gob.ar\/en\/wp-json\/wp\/v2\/tags?post=3307"}],"curies":[{"name":"wp","href":"https:\/\/api.w.org\/{rel}","templated":true}]}}