{"id":3297,"date":"2025-11-07T13:45:14","date_gmt":"2025-11-07T13:45:14","guid":{"rendered":"http:\/\/victoria.gob.ar\/es\/charla-estudio-e-integracion-de-ceramicas-arqueologicas-halladas-en-la-region-parana-entre-rios-santa-fe-argentina\/"},"modified":"2025-11-07T13:45:14","modified_gmt":"2025-11-07T13:45:14","slug":"charla-estudio-e-integracion-de-ceramicas-arqueologicas-halladas-en-la-region-parana-entre-rios-santa-fe-argentina","status":"publish","type":"post","link":"https:\/\/victoria.gob.ar\/en\/charla-estudio-e-integracion-de-ceramicas-arqueologicas-halladas-en-la-region-parana-entre-rios-santa-fe-argentina\/","title":{"rendered":"CHARLA: ESTUDIO E INTEGRACI\u00d3N DE CER\u00c1MICAS ARQUEOL\u00d3GICAS HALLADAS EN LA REGI\u00d3N PARAN\u00c1 (ENTRE R\u00cdOS \u2013 SANTA FE, ARGENTINA)\u00bb"},"content":{"rendered":"<p>A cargo de la Dra. Silvia Cornero, antrop\u00f3loga y arque\u00f3loga<br \/><img decoding=\"async\" src=\"https:\/\/s.w.org\/images\/core\/emoji\/16.0.1\/72x72\/1f4c5.png\" alt=\"&#x1f4c5;\" class=\"wp-smiley\" \/> Mi\u00e9rcoles 12 de noviembre \u2013 19:00 h<br \/><img decoding=\"async\" src=\"https:\/\/s.w.org\/images\/core\/emoji\/16.0.1\/72x72\/1f4cd.png\" alt=\"&#x1f4cd;\" class=\"wp-smiley\" \/> Cine Teatro Victoria \u2013 Alem 64<br \/><img decoding=\"async\" src=\"https:\/\/s.w.org\/images\/core\/emoji\/16.0.1\/72x72\/1f517.png\" alt=\"&#x1f517;\" class=\"wp-smiley\" \/> Inscripci\u00f3n en el siguiente enlace: https:\/\/forms.gle\/ZV9iJXrr7ZsV7uzZ8<br \/><img decoding=\"async\" src=\"https:\/\/s.w.org\/images\/core\/emoji\/16.0.1\/72x72\/1f4dc.png\" alt=\"&#x1f4dc;\" class=\"wp-smiley\" \/> Se entregar\u00e1n certificados de asistencia<br \/><img decoding=\"async\" src=\"https:\/\/s.w.org\/images\/core\/emoji\/16.0.1\/72x72\/2139.png\" alt=\"&#x2139;\" class=\"wp-smiley\" \/> Entrada libre y gratuita<\/p>\n<figure class=\"wp-block-image size-large\"><img decoding=\"async\" loading=\"lazy\" width=\"819\" height=\"1024\" src=\"https:\/\/victoria.gob.ar\/prensa\/wp-content\/uploads\/2025\/11\/WhatsApp-Image-2025-11-07-at-20.15.23-819x1024.jpeg\" alt=\"\" class=\"wp-image-2132\" \/><\/figure>","protected":false},"excerpt":{"rendered":"<p>A cargo de la Dra. Silvia Cornero, antrop\u00f3loga y arque\u00f3loga Mi\u00e9rcoles 12 de noviembre \u2013 19:00 h Cine Teatro Victoria \u2013 Alem 64 Inscripci\u00f3n en el siguiente enlace: https:\/\/forms.gle\/ZV9iJXrr7ZsV7uzZ8 Se entregar\u00e1n certificados de asistencia Entrada libre y gratuita<\/p>","protected":false},"author":2,"featured_media":3298,"comment_status":"open","ping_status":"open","sticky":false,"template":"","format":"standard","meta":{"neve_meta_sidebar":"","neve_meta_container":"","neve_meta_enable_content_width":"","neve_meta_content_width":0,"neve_meta_title_alignment":"","neve_meta_author_avatar":"","neve_post_elements_order":"","neve_meta_disable_header":"","neve_meta_disable_footer":"","neve_meta_disable_title":"","footnotes":""},"categories":[1],"tags":[],"class_list":["post-3297","post","type-post","status-publish","format-standard","has-post-thumbnail","hentry","category-sin-categoria"],"_links":{"self":[{"href":"https:\/\/victoria.gob.ar\/en\/wp-json\/wp\/v2\/posts\/3297","targetHints":{"allow":["GET"]}}],"collection":[{"href":"https:\/\/victoria.gob.ar\/en\/wp-json\/wp\/v2\/posts"}],"about":[{"href":"https:\/\/victoria.gob.ar\/en\/wp-json\/wp\/v2\/types\/post"}],"author":[{"embeddable":true,"href":"https:\/\/victoria.gob.ar\/en\/wp-json\/wp\/v2\/users\/2"}],"replies":[{"embeddable":true,"href":"https:\/\/victoria.gob.ar\/en\/wp-json\/wp\/v2\/comments?post=3297"}],"version-history":[{"count":0,"href":"https:\/\/victoria.gob.ar\/en\/wp-json\/wp\/v2\/posts\/3297\/revisions"}],"wp:featuredmedia":[{"embeddable":true,"href":"https:\/\/victoria.gob.ar\/en\/wp-json\/wp\/v2\/media\/3298"}],"wp:attachment":[{"href":"https:\/\/victoria.gob.ar\/en\/wp-json\/wp\/v2\/media?parent=3297"}],"wp:term":[{"taxonomy":"category","embeddable":true,"href":"https:\/\/victoria.gob.ar\/en\/wp-json\/wp\/v2\/categories?post=3297"},{"taxonomy":"post_tag","embeddable":true,"href":"https:\/\/victoria.gob.ar\/en\/wp-json\/wp\/v2\/tags?post=3297"}],"curies":[{"name":"wp","href":"https:\/\/api.w.org\/{rel}","templated":true}]}}