{"id":3295,"date":"2025-11-07T13:45:58","date_gmt":"2025-11-07T13:45:58","guid":{"rendered":"http:\/\/victoria.gob.ar\/es\/profesorado-en-docencia-superior-en-victoria-inscripcion-abierta-cupos-limitados\/"},"modified":"2025-11-07T13:45:58","modified_gmt":"2025-11-07T13:45:58","slug":"profesorado-en-docencia-superior-en-victoria-inscripcion-abierta-cupos-limitados","status":"publish","type":"post","link":"https:\/\/victoria.gob.ar\/en\/profesorado-en-docencia-superior-en-victoria-inscripcion-abierta-cupos-limitados\/","title":{"rendered":"PROFESORADO EN DOCENCIA SUPERIOR EN VICTORIA: INSCRIPCI\u00d3N ABIERTA \u2013 CUPOS LIMITADOS"},"content":{"rendered":"<p>La Municipalidad de Victoria, junto con la UTN Facultad Regional Paran\u00e1 informan que se encuentra abierta la inscripci\u00f3n al Profesorado en Docencia Superior, cohorte marzo 2026.<\/p>\n<p><img decoding=\"async\" src=\"https:\/\/s.w.org\/images\/core\/emoji\/16.0.1\/72x72\/1f4d8.png\" alt=\"&#x1f4d8;\" class=\"wp-smiley\" \/> Requisitos de ingreso<br \/>Podr\u00e1n inscribirse quienes posean t\u00edtulo de nivel superior emitido por una instituci\u00f3n educativa oficialmente reconocida, correspondiente a una carrera con:<\/p>\n<ul class=\"wp-block-list\">\n<li>Una carga horaria m\u00ednima de 1.800 horas reloj, y<\/li>\n<li>Una duraci\u00f3n no inferior a dos a\u00f1os y medio (2 \u00bd).<br \/>Los t\u00edtulos deber\u00e1n ser afines al campo disciplinar o profesional en el cual se desempe\u00f1ar\u00e1 la docencia.<br \/>Asimismo, quienes posean t\u00edtulo docente tambi\u00e9n podr\u00e1n inscribirse.<br \/><img decoding=\"async\" src=\"https:\/\/s.w.org\/images\/core\/emoji\/16.0.1\/72x72\/26a0.png\" alt=\"&#x26a0;\" class=\"wp-smiley\" \/> No se aceptar\u00e1n inscripciones de aspirantes con materias o cursadas pendientes, ni de tecnicaturas o carreras que no alcancen la carga horaria exigida. Este requisito es excluyente.<\/li>\n<\/ul>\n<p><img decoding=\"async\" src=\"https:\/\/s.w.org\/images\/core\/emoji\/16.0.1\/72x72\/1f5c2.png\" alt=\"&#x1f5c2;\" class=\"wp-smiley\" \/> Documentaci\u00f3n requerida<br \/>Para completar la inscripci\u00f3n, deber\u00e1 adjuntarse en formato PDF (uno por cada requisito, de manera clara y legible) la siguiente documentaci\u00f3n:<\/p>\n<ul class=\"wp-block-list\">\n<li>Diploma (frente y dorso).<\/li>\n<li>DNI (frente y dorso).<\/li>\n<li>Plan de estudios donde conste la carga horaria total expresada en horas reloj.<\/li>\n<li>Declaraci\u00f3n Jurada (incluida en el formulario de inscripci\u00f3n; debe completarse, escanearse y volver a subir).<\/li>\n<li>Comprobante de pago de inscripci\u00f3n (a presentar posteriormente).<br \/><img decoding=\"async\" src=\"https:\/\/s.w.org\/images\/core\/emoji\/16.0.1\/72x72\/1f539.png\" alt=\"&#x1f539;\" class=\"wp-smiley\" \/> El formulario de Google solo permite cargar un archivo por requisito.<br \/>Si tiene varios documentos, deber\u00e1 unirlos en un \u00fanico PDF. Puede hacerlo con herramientas gratuitas como www.ilovepdf.com (opci\u00f3n \u201cUnir PDF\u201d).<br \/>A medida que los aspirantes completen la inscripci\u00f3n, el equipo de la Facultad revisar\u00e1 la documentaci\u00f3n y dejar\u00e1 observaciones individuales.<\/li>\n<\/ul>\n<p><img decoding=\"async\" src=\"https:\/\/s.w.org\/images\/core\/emoji\/16.0.1\/72x72\/1f4ce.png\" alt=\"&#x1f4ce;\" class=\"wp-smiley\" \/> Formulario de inscripci\u00f3n:<br \/><img decoding=\"async\" src=\"https:\/\/s.w.org\/images\/core\/emoji\/16.0.1\/72x72\/1f449-1f3fc.png\" alt=\"&#x1f449;&#x1f3fc;\" class=\"wp-smiley\" \/> https:\/\/forms.gle\/V5f4JkKRJQCKozx26<\/p>\n<p><img decoding=\"async\" src=\"https:\/\/s.w.org\/images\/core\/emoji\/16.0.1\/72x72\/1f9ed.png\" alt=\"&#x1f9ed;\" class=\"wp-smiley\" \/> Modalidad de cursado<br \/>El cursado es semipresencial e incluye:<br \/>Un encuentro presencial mensual (s\u00e1bado de 08:00 a 18:00 h).<br \/>Actividades intermedias (lecturas, trabajos y ejercicios) a trav\u00e9s de la plataforma Microsoft Teams, provista sin costo.<br \/>Cada trayecto cuenta con cinco clases presenciales:<br \/>Las primeras cuatro son de cursado regular, con exigencia de 75 % de asistencia y entrega puntual de actividades.<br \/>La quinta clase tiene car\u00e1cter de examen final, cuya modalidad (oral, escrita, autoevaluaci\u00f3n, etc.) se comunica con anticipaci\u00f3n.<\/p>\n<p><img decoding=\"async\" src=\"https:\/\/s.w.org\/images\/core\/emoji\/16.0.1\/72x72\/1f4b0.png\" alt=\"&#x1f4b0;\" class=\"wp-smiley\" \/> Costos<br \/>Inscripci\u00f3n: valor a definir.<br \/>Cuotas (20): valores a definir.<br \/>Una vez completado el formulario, el personal de UTN FRP se contactar\u00e1 por correo electr\u00f3nico para indicar los datos de pago.<\/p>\n<p><img decoding=\"async\" src=\"https:\/\/s.w.org\/images\/core\/emoji\/16.0.1\/72x72\/1f5d3.png\" alt=\"&#x1f5d3;\" class=\"wp-smiley\" \/> Inicio del cursado presencial<br \/>Marzo de 2026<\/p>\n<p><img decoding=\"async\" src=\"https:\/\/s.w.org\/images\/core\/emoji\/16.0.1\/72x72\/1f4e7.png\" alt=\"&#x1f4e7;\" class=\"wp-smiley\" \/> Consultas<br \/>Correo: profesorado@frp.utn.edu.ar<\/p>\n<figure class=\"wp-block-image size-large\"><img decoding=\"async\" loading=\"lazy\" width=\"819\" height=\"1024\" src=\"https:\/\/victoria.gob.ar\/prensa\/wp-content\/uploads\/2025\/11\/WhatsApp-Image-2025-11-07-at-21.08.47-819x1024.jpeg\" alt=\"\" class=\"wp-image-2135\" \/><\/figure>","protected":false},"excerpt":{"rendered":"<p>La Municipalidad de Victoria, junto con la UTN Facultad Regional Paran\u00e1 informan que se encuentra abierta la inscripci\u00f3n al Profesorado en Docencia Superior, cohorte marzo 2026. Requisitos de ingresoPodr\u00e1n inscribirse quienes posean t\u00edtulo de nivel superior emitido por una instituci\u00f3n educativa oficialmente reconocida, correspondiente a una carrera con: Una carga horaria m\u00ednima de 1.800 horas&hellip;&nbsp;<a href=\"https:\/\/victoria.gob.ar\/en\/profesorado-en-docencia-superior-en-victoria-inscripcion-abierta-cupos-limitados\/\" rel=\"bookmark\"><span class=\"screen-reader-text\">PROFESORADO EN DOCENCIA SUPERIOR EN VICTORIA: INSCRIPCI\u00d3N ABIERTA \u2013 CUPOS LIMITADOS<\/span><\/a><\/p>","protected":false},"author":2,"featured_media":3296,"comment_status":"open","ping_status":"open","sticky":false,"template":"","format":"standard","meta":{"neve_meta_sidebar":"","neve_meta_container":"","neve_meta_enable_content_width":"","neve_meta_content_width":0,"neve_meta_title_alignment":"","neve_meta_author_avatar":"","neve_post_elements_order":"","neve_meta_disable_header":"","neve_meta_disable_footer":"","neve_meta_disable_title":"","footnotes":""},"categories":[1],"tags":[],"class_list":["post-3295","post","type-post","status-publish","format-standard","has-post-thumbnail","hentry","category-sin-categoria"],"_links":{"self":[{"href":"https:\/\/victoria.gob.ar\/en\/wp-json\/wp\/v2\/posts\/3295","targetHints":{"allow":["GET"]}}],"collection":[{"href":"https:\/\/victoria.gob.ar\/en\/wp-json\/wp\/v2\/posts"}],"about":[{"href":"https:\/\/victoria.gob.ar\/en\/wp-json\/wp\/v2\/types\/post"}],"author":[{"embeddable":true,"href":"https:\/\/victoria.gob.ar\/en\/wp-json\/wp\/v2\/users\/2"}],"replies":[{"embeddable":true,"href":"https:\/\/victoria.gob.ar\/en\/wp-json\/wp\/v2\/comments?post=3295"}],"version-history":[{"count":0,"href":"https:\/\/victoria.gob.ar\/en\/wp-json\/wp\/v2\/posts\/3295\/revisions"}],"wp:featuredmedia":[{"embeddable":true,"href":"https:\/\/victoria.gob.ar\/en\/wp-json\/wp\/v2\/media\/3296"}],"wp:attachment":[{"href":"https:\/\/victoria.gob.ar\/en\/wp-json\/wp\/v2\/media?parent=3295"}],"wp:term":[{"taxonomy":"category","embeddable":true,"href":"https:\/\/victoria.gob.ar\/en\/wp-json\/wp\/v2\/categories?post=3295"},{"taxonomy":"post_tag","embeddable":true,"href":"https:\/\/victoria.gob.ar\/en\/wp-json\/wp\/v2\/tags?post=3295"}],"curies":[{"name":"wp","href":"https:\/\/api.w.org\/{rel}","templated":true}]}}