{"id":3293,"date":"2025-11-08T13:47:12","date_gmt":"2025-11-08T13:47:12","guid":{"rendered":"http:\/\/victoria.gob.ar\/es\/pase-a-planta-permanente-de-trabajadores-segun-antiguedad-y-legajo\/"},"modified":"2025-11-08T13:47:12","modified_gmt":"2025-11-08T13:47:12","slug":"pase-a-planta-permanente-de-trabajadores-segun-antiguedad-y-legajo","status":"publish","type":"post","link":"https:\/\/victoria.gob.ar\/en\/pase-a-planta-permanente-de-trabajadores-segun-antiguedad-y-legajo\/","title":{"rendered":"PASE A PLANTA PERMANENTE DE TRABAJADORES SEG\u00daN ANTIG\u00dcEDAD Y LEGAJO"},"content":{"rendered":"<p>La presidente municipal, Isa Castagnino, decret\u00f3 el pase de 25 jornalizados a la planta estable, de acuerdo con el an\u00e1lisis, evaluaci\u00f3n y sugerencia de la Junta de Admisi\u00f3n, Calificaci\u00f3n y Disciplina (JACD).<\/p>\n<p>La medida tendr\u00e1 vigencia a partir del 1 de enero de 2026 y queda supeditada a la sanci\u00f3n por parte del Concejo Deliberante del Proyecto de Ordenanza del Presupuesto elevado por el Departamento Ejecutivo Municipal.<\/p>\n<figure class=\"wp-block-gallery has-nested-images columns-default is-cropped wp-block-gallery-3 is-layout-flex wp-block-gallery-is-layout-flex\">\n<figure class=\"wp-block-image size-large\"><img decoding=\"async\" loading=\"lazy\" width=\"749\" height=\"1024\" data-id=\"2138\" src=\"https:\/\/victoria.gob.ar\/prensa\/wp-content\/uploads\/2025\/11\/WhatsApp-Image-2025-11-08-at-16.04.51-749x1024.jpeg\" alt=\"\" class=\"wp-image-2138\" \/><\/figure>\n<figure class=\"wp-block-image size-large\"><img decoding=\"async\" loading=\"lazy\" width=\"746\" height=\"1024\" data-id=\"2139\" src=\"https:\/\/victoria.gob.ar\/prensa\/wp-content\/uploads\/2025\/11\/WhatsApp-Image-2025-11-08-at-16.04.50-1-746x1024.jpeg\" alt=\"\" class=\"wp-image-2139\" \/><\/figure>\n<figure class=\"wp-block-image size-large\"><img decoding=\"async\" loading=\"lazy\" width=\"748\" height=\"1024\" data-id=\"2140\" src=\"https:\/\/victoria.gob.ar\/prensa\/wp-content\/uploads\/2025\/11\/WhatsApp-Image-2025-11-08-at-16.04.50-748x1024.jpeg\" alt=\"\" class=\"wp-image-2140\" \/><\/figure>\n<\/figure>","protected":false},"excerpt":{"rendered":"<p>La presidente municipal, Isa Castagnino, decret\u00f3 el pase de 25 jornalizados a la planta estable, de acuerdo con el an\u00e1lisis, evaluaci\u00f3n y sugerencia de la Junta de Admisi\u00f3n, Calificaci\u00f3n y Disciplina (JACD). La medida tendr\u00e1 vigencia a partir del 1 de enero de 2026 y queda supeditada a la sanci\u00f3n por parte del Concejo Deliberante&hellip;&nbsp;<a href=\"https:\/\/victoria.gob.ar\/en\/pase-a-planta-permanente-de-trabajadores-segun-antiguedad-y-legajo\/\" rel=\"bookmark\"><span class=\"screen-reader-text\">PASE A PLANTA PERMANENTE DE TRABAJADORES SEG\u00daN ANTIG\u00dcEDAD Y LEGAJO<\/span><\/a><\/p>","protected":false},"author":2,"featured_media":3294,"comment_status":"open","ping_status":"open","sticky":false,"template":"","format":"standard","meta":{"neve_meta_sidebar":"","neve_meta_container":"","neve_meta_enable_content_width":"","neve_meta_content_width":0,"neve_meta_title_alignment":"","neve_meta_author_avatar":"","neve_post_elements_order":"","neve_meta_disable_header":"","neve_meta_disable_footer":"","neve_meta_disable_title":"","footnotes":""},"categories":[1],"tags":[],"class_list":["post-3293","post","type-post","status-publish","format-standard","has-post-thumbnail","hentry","category-sin-categoria"],"_links":{"self":[{"href":"https:\/\/victoria.gob.ar\/en\/wp-json\/wp\/v2\/posts\/3293","targetHints":{"allow":["GET"]}}],"collection":[{"href":"https:\/\/victoria.gob.ar\/en\/wp-json\/wp\/v2\/posts"}],"about":[{"href":"https:\/\/victoria.gob.ar\/en\/wp-json\/wp\/v2\/types\/post"}],"author":[{"embeddable":true,"href":"https:\/\/victoria.gob.ar\/en\/wp-json\/wp\/v2\/users\/2"}],"replies":[{"embeddable":true,"href":"https:\/\/victoria.gob.ar\/en\/wp-json\/wp\/v2\/comments?post=3293"}],"version-history":[{"count":0,"href":"https:\/\/victoria.gob.ar\/en\/wp-json\/wp\/v2\/posts\/3293\/revisions"}],"wp:featuredmedia":[{"embeddable":true,"href":"https:\/\/victoria.gob.ar\/en\/wp-json\/wp\/v2\/media\/3294"}],"wp:attachment":[{"href":"https:\/\/victoria.gob.ar\/en\/wp-json\/wp\/v2\/media?parent=3293"}],"wp:term":[{"taxonomy":"category","embeddable":true,"href":"https:\/\/victoria.gob.ar\/en\/wp-json\/wp\/v2\/categories?post=3293"},{"taxonomy":"post_tag","embeddable":true,"href":"https:\/\/victoria.gob.ar\/en\/wp-json\/wp\/v2\/tags?post=3293"}],"curies":[{"name":"wp","href":"https:\/\/api.w.org\/{rel}","templated":true}]}}