{"id":3271,"date":"2025-11-01T13:21:04","date_gmt":"2025-11-01T13:21:04","guid":{"rendered":"http:\/\/victoria.gob.ar\/es\/el-coro-municipal-voces-de-las-colinas-nos-representa-en-gualeguay\/"},"modified":"2025-11-01T13:21:04","modified_gmt":"2025-11-01T13:21:04","slug":"el-coro-municipal-voces-de-las-colinas-nos-representa-en-gualeguay","status":"publish","type":"post","link":"https:\/\/victoria.gob.ar\/en\/el-coro-municipal-voces-de-las-colinas-nos-representa-en-gualeguay\/","title":{"rendered":"EL CORO MUNICIPAL \u00abVOCES DE LAS COLINAS\u00bb NOS REPRESENTA EN GUALEGUAY"},"content":{"rendered":"<p>En el marco de los 25 a\u00f1os del Gualeguay Coral, nuestro Coro Municipal \u201cVoces de las Colinas\u201d, dirigido por Patricia Far\u00edas, est\u00e1 participando en esta importante jornada cultural que re\u00fane a coros de toda la provincia.<\/p>\n<p>Una vez m\u00e1s, nuestros artistas representan a Victoria con talento, compromiso y pasi\u00f3n por la m\u00fasica.<\/p>\n<p>Desde la Municipalidad de Victoria se felicita a todo el coro por su dedicaci\u00f3n y por seguir haciendo de la cultura victoriense un motivo de orgullo.<\/p>\n<figure class=\"wp-block-image size-large\"><img decoding=\"async\" loading=\"lazy\" width=\"1024\" height=\"576\" src=\"https:\/\/victoria.gob.ar\/prensa\/wp-content\/uploads\/2025\/11\/WhatsApp-Image-2025-11-01-at-22.41.39-1024x576.jpeg\" alt=\"\" class=\"wp-image-2104\" \/><\/figure>","protected":false},"excerpt":{"rendered":"<p>En el marco de los 25 a\u00f1os del Gualeguay Coral, nuestro Coro Municipal \u201cVoces de las Colinas\u201d, dirigido por Patricia Far\u00edas, est\u00e1 participando en esta importante jornada cultural que re\u00fane a coros de toda la provincia. Una vez m\u00e1s, nuestros artistas representan a Victoria con talento, compromiso y pasi\u00f3n por la m\u00fasica. Desde la Municipalidad&hellip;&nbsp;<a href=\"https:\/\/victoria.gob.ar\/en\/el-coro-municipal-voces-de-las-colinas-nos-representa-en-gualeguay\/\" rel=\"bookmark\"><span class=\"screen-reader-text\">EL CORO MUNICIPAL \u00abVOCES DE LAS COLINAS\u00bb NOS REPRESENTA EN GUALEGUAY<\/span><\/a><\/p>","protected":false},"author":2,"featured_media":3272,"comment_status":"open","ping_status":"open","sticky":false,"template":"","format":"standard","meta":{"neve_meta_sidebar":"","neve_meta_container":"","neve_meta_enable_content_width":"","neve_meta_content_width":0,"neve_meta_title_alignment":"","neve_meta_author_avatar":"","neve_post_elements_order":"","neve_meta_disable_header":"","neve_meta_disable_footer":"","neve_meta_disable_title":"","footnotes":""},"categories":[1],"tags":[],"class_list":["post-3271","post","type-post","status-publish","format-standard","has-post-thumbnail","hentry","category-sin-categoria"],"_links":{"self":[{"href":"https:\/\/victoria.gob.ar\/en\/wp-json\/wp\/v2\/posts\/3271","targetHints":{"allow":["GET"]}}],"collection":[{"href":"https:\/\/victoria.gob.ar\/en\/wp-json\/wp\/v2\/posts"}],"about":[{"href":"https:\/\/victoria.gob.ar\/en\/wp-json\/wp\/v2\/types\/post"}],"author":[{"embeddable":true,"href":"https:\/\/victoria.gob.ar\/en\/wp-json\/wp\/v2\/users\/2"}],"replies":[{"embeddable":true,"href":"https:\/\/victoria.gob.ar\/en\/wp-json\/wp\/v2\/comments?post=3271"}],"version-history":[{"count":0,"href":"https:\/\/victoria.gob.ar\/en\/wp-json\/wp\/v2\/posts\/3271\/revisions"}],"wp:featuredmedia":[{"embeddable":true,"href":"https:\/\/victoria.gob.ar\/en\/wp-json\/wp\/v2\/media\/3272"}],"wp:attachment":[{"href":"https:\/\/victoria.gob.ar\/en\/wp-json\/wp\/v2\/media?parent=3271"}],"wp:term":[{"taxonomy":"category","embeddable":true,"href":"https:\/\/victoria.gob.ar\/en\/wp-json\/wp\/v2\/categories?post=3271"},{"taxonomy":"post_tag","embeddable":true,"href":"https:\/\/victoria.gob.ar\/en\/wp-json\/wp\/v2\/tags?post=3271"}],"curies":[{"name":"wp","href":"https:\/\/api.w.org\/{rel}","templated":true}]}}