{"id":3267,"date":"2025-11-02T13:22:14","date_gmt":"2025-11-02T13:22:14","guid":{"rendered":"http:\/\/victoria.gob.ar\/es\/tercera-caminara-rosa-2-aniversario-de-la-fundacion-oncologica-victoria-%f0%9f%8e%80\/"},"modified":"2025-11-02T13:22:14","modified_gmt":"2025-11-02T13:22:14","slug":"tercera-caminara-rosa-2-aniversario-de-la-fundacion-oncologica-victoria-%f0%9f%8e%80","status":"publish","type":"post","link":"https:\/\/victoria.gob.ar\/en\/tercera-caminara-rosa-2-aniversario-de-la-fundacion-oncologica-victoria-%f0%9f%8e%80\/","title":{"rendered":"TERCERA CAMINARA ROSA | 2\u00b0 ANIVERSARIO DE LA FUNDACI\u00d3N ONCOL\u00d3GICA VICTORIA &#x1f380;"},"content":{"rendered":"<p>Hoy vivimos una jornada llena de emoci\u00f3n, uni\u00f3n y esperanza, acompa\u00f1ando a la Fundaci\u00f3n Oncol\u00f3gica Victoria en su segundo aniversario y participando de la Tercera Caminata Rosa por la concientizaci\u00f3n del c\u00e1ncer de mama <img decoding=\"async\" src=\"https:\/\/s.w.org\/images\/core\/emoji\/16.0.1\/72x72\/1f497.png\" alt=\"&#x1f497;\" class=\"wp-smiley\" \/>.<\/p>\n<p>Compartimos una tarde de m\u00fasica, alegr\u00eda y compromiso. \u00a1Cuando la comunidad se une, todo es posible!<\/p>\n<p>En el encuentro se invit\u00f3 a las mujeres a realizar los controles ginecol\u00f3gicos peri\u00f3dicos y, en especial, las mamograf\u00edas.<\/p>\n<p><img decoding=\"async\" src=\"https:\/\/s.w.org\/images\/core\/emoji\/16.0.1\/72x72\/1f914.png\" alt=\"&#x1f914;\" class=\"wp-smiley\" \/> \u00bfA partir de qu\u00e9 edad debe realizarse una mujer la mamograf\u00eda?<\/p>\n<p><img decoding=\"async\" src=\"https:\/\/s.w.org\/images\/core\/emoji\/16.0.1\/72x72\/2705.png\" alt=\"&#x2705;\" class=\"wp-smiley\" \/> La m\u00e9dica ginec\u00f3loga Luj\u00e1n Buzzi nos cont\u00f3 que es variable: a partir de los 40 a\u00f1os se aconseja realizar la primera mamograf\u00eda para todas aquellas pacientes que no tienen un factor predisponente o un familiar de primer grado (madre, hermana) con c\u00e1ncer de mama; en caso de que la paciente cuente con este antecedente, se recomienda realizar la mamograf\u00eda a los 30 a\u00f1os o a la edad en que ese familiar haya tenido c\u00e1ncer de mama.<\/p>\n<p>Desde la Municipalidad de Victoria se agradece el incansable trabajo que la Fundaci\u00f3n Oncol\u00f3gica Victoria realiza por nuestra comunidad y, tambi\u00e9n, a todos los vecinos que se sumaron, caminaron y apoyan esta causa tan importante.<\/p>\n<p>La Fundaci\u00f3n Oncol\u00f3gica Victoria se encuentra en <img decoding=\"async\" src=\"https:\/\/s.w.org\/images\/core\/emoji\/16.0.1\/72x72\/1f4cd.png\" alt=\"&#x1f4cd;\" class=\"wp-smiley\" \/> Espa\u00f1a 165 y abre sus puertas:<\/p>\n<p><img decoding=\"async\" src=\"https:\/\/s.w.org\/images\/core\/emoji\/16.0.1\/72x72\/1f5d3.png\" alt=\"&#x1f5d3;\" class=\"wp-smiley\" \/> Lunes, mi\u00e9rcoles y viernes de <img decoding=\"async\" src=\"https:\/\/s.w.org\/images\/core\/emoji\/16.0.1\/72x72\/231a.png\" alt=\"&#x231a;\" class=\"wp-smiley\" \/> 09:00 a 11:00 h<br \/><img decoding=\"async\" src=\"https:\/\/s.w.org\/images\/core\/emoji\/16.0.1\/72x72\/1f5d3.png\" alt=\"&#x1f5d3;\" class=\"wp-smiley\" \/> Martes y jueves de <img decoding=\"async\" src=\"https:\/\/s.w.org\/images\/core\/emoji\/16.0.1\/72x72\/231a.png\" alt=\"&#x231a;\" class=\"wp-smiley\" \/> 16:00 a 18:00 h<\/p>\n<p>Sumate a la fundaci\u00f3n. \u00a1Estamos juntos!<\/p>\n<figure class=\"wp-block-gallery has-nested-images columns-default is-cropped wp-block-gallery-1 is-layout-flex wp-block-gallery-is-layout-flex\">\n<figure class=\"wp-block-image size-large\"><img loading=\"lazy\" decoding=\"async\" width=\"1024\" height=\"682\" data-id=\"2115\" src=\"https:\/\/victoria.gob.ar\/prensa\/wp-content\/uploads\/2025\/11\/WhatsApp-Image-2025-11-02-at-22.45.55-1-1024x682.jpeg\" alt=\"\" class=\"wp-image-2115\" \/><\/figure>\n<figure class=\"wp-block-image size-large\"><img loading=\"lazy\" decoding=\"async\" width=\"1024\" height=\"682\" data-id=\"2118\" src=\"https:\/\/victoria.gob.ar\/prensa\/wp-content\/uploads\/2025\/11\/WhatsApp-Image-2025-11-02-at-22.45.55-1024x682.jpeg\" alt=\"\" class=\"wp-image-2118\" \/><\/figure>\n<figure class=\"wp-block-image size-large\"><img decoding=\"async\" loading=\"lazy\" width=\"1024\" height=\"682\" data-id=\"2111\" src=\"https:\/\/victoria.gob.ar\/prensa\/wp-content\/uploads\/2025\/11\/WhatsApp-Image-2025-11-02-at-22.45.54-3-1024x682.jpeg\" alt=\"\" class=\"wp-image-2111\" \/><\/figure>\n<figure class=\"wp-block-image size-large\"><img decoding=\"async\" loading=\"lazy\" width=\"1024\" height=\"682\" data-id=\"2110\" src=\"https:\/\/victoria.gob.ar\/prensa\/wp-content\/uploads\/2025\/11\/WhatsApp-Image-2025-11-02-at-22.45.54-2-1024x682.jpeg\" alt=\"\" class=\"wp-image-2110\" \/><\/figure>\n<figure class=\"wp-block-image size-large\"><img decoding=\"async\" loading=\"lazy\" width=\"1024\" height=\"682\" data-id=\"2116\" src=\"https:\/\/victoria.gob.ar\/prensa\/wp-content\/uploads\/2025\/11\/WhatsApp-Image-2025-11-02-at-22.45.54-1-1024x682.jpeg\" alt=\"\" class=\"wp-image-2116\" \/><\/figure>\n<figure class=\"wp-block-image size-large\"><img decoding=\"async\" loading=\"lazy\" width=\"1024\" height=\"682\" data-id=\"2112\" src=\"https:\/\/victoria.gob.ar\/prensa\/wp-content\/uploads\/2025\/11\/WhatsApp-Image-2025-11-02-at-22.45.54-1024x682.jpeg\" alt=\"\" class=\"wp-image-2112\" \/><\/figure>\n<figure class=\"wp-block-image size-large\"><img decoding=\"async\" loading=\"lazy\" width=\"1024\" height=\"682\" data-id=\"2113\" src=\"https:\/\/victoria.gob.ar\/prensa\/wp-content\/uploads\/2025\/11\/WhatsApp-Image-2025-11-02-at-22.45.53-2-1024x682.jpeg\" alt=\"\" class=\"wp-image-2113\" \/><\/figure>\n<figure class=\"wp-block-image size-large\"><img decoding=\"async\" loading=\"lazy\" width=\"1024\" height=\"682\" data-id=\"2117\" src=\"https:\/\/victoria.gob.ar\/prensa\/wp-content\/uploads\/2025\/11\/WhatsApp-Image-2025-11-02-at-22.45.53-1-1024x682.jpeg\" alt=\"\" class=\"wp-image-2117\" \/><\/figure>\n<figure class=\"wp-block-image size-large\"><img decoding=\"async\" loading=\"lazy\" width=\"1024\" height=\"682\" data-id=\"2114\" src=\"https:\/\/victoria.gob.ar\/prensa\/wp-content\/uploads\/2025\/11\/WhatsApp-Image-2025-11-02-at-22.45.53-1024x682.jpeg\" alt=\"\" class=\"wp-image-2114\" \/><\/figure>\n<\/figure>","protected":false},"excerpt":{"rendered":"<p>Hoy vivimos una jornada llena de emoci\u00f3n, uni\u00f3n y esperanza, acompa\u00f1ando a la Fundaci\u00f3n Oncol\u00f3gica Victoria en su segundo aniversario y participando de la Tercera Caminata Rosa por la concientizaci\u00f3n del c\u00e1ncer de mama . Compartimos una tarde de m\u00fasica, alegr\u00eda y compromiso. \u00a1Cuando la comunidad se une, todo es posible! En el encuentro se&hellip;&nbsp;<a href=\"https:\/\/victoria.gob.ar\/en\/tercera-caminara-rosa-2-aniversario-de-la-fundacion-oncologica-victoria-%f0%9f%8e%80\/\" rel=\"bookmark\"><span class=\"screen-reader-text\">TERCERA CAMINARA ROSA | 2\u00b0 ANIVERSARIO DE LA FUNDACI\u00d3N ONCOL\u00d3GICA VICTORIA &#x1f380;<\/span><\/a><\/p>","protected":false},"author":2,"featured_media":3268,"comment_status":"open","ping_status":"open","sticky":false,"template":"","format":"standard","meta":{"neve_meta_sidebar":"","neve_meta_container":"","neve_meta_enable_content_width":"","neve_meta_content_width":0,"neve_meta_title_alignment":"","neve_meta_author_avatar":"","neve_post_elements_order":"","neve_meta_disable_header":"","neve_meta_disable_footer":"","neve_meta_disable_title":"","footnotes":""},"categories":[1],"tags":[],"class_list":["post-3267","post","type-post","status-publish","format-standard","has-post-thumbnail","hentry","category-sin-categoria"],"_links":{"self":[{"href":"https:\/\/victoria.gob.ar\/en\/wp-json\/wp\/v2\/posts\/3267","targetHints":{"allow":["GET"]}}],"collection":[{"href":"https:\/\/victoria.gob.ar\/en\/wp-json\/wp\/v2\/posts"}],"about":[{"href":"https:\/\/victoria.gob.ar\/en\/wp-json\/wp\/v2\/types\/post"}],"author":[{"embeddable":true,"href":"https:\/\/victoria.gob.ar\/en\/wp-json\/wp\/v2\/users\/2"}],"replies":[{"embeddable":true,"href":"https:\/\/victoria.gob.ar\/en\/wp-json\/wp\/v2\/comments?post=3267"}],"version-history":[{"count":0,"href":"https:\/\/victoria.gob.ar\/en\/wp-json\/wp\/v2\/posts\/3267\/revisions"}],"wp:featuredmedia":[{"embeddable":true,"href":"https:\/\/victoria.gob.ar\/en\/wp-json\/wp\/v2\/media\/3268"}],"wp:attachment":[{"href":"https:\/\/victoria.gob.ar\/en\/wp-json\/wp\/v2\/media?parent=3267"}],"wp:term":[{"taxonomy":"category","embeddable":true,"href":"https:\/\/victoria.gob.ar\/en\/wp-json\/wp\/v2\/categories?post=3267"},{"taxonomy":"post_tag","embeddable":true,"href":"https:\/\/victoria.gob.ar\/en\/wp-json\/wp\/v2\/tags?post=3267"}],"curies":[{"name":"wp","href":"https:\/\/api.w.org\/{rel}","templated":true}]}}