{"id":3236,"date":"2025-10-27T13:50:43","date_gmt":"2025-10-27T13:50:43","guid":{"rendered":"http:\/\/victoria.gob.ar\/es\/llega-la-4a-edicion-de-la-fiesta-del-sabalo-y-regionales\/"},"modified":"2025-10-27T13:50:43","modified_gmt":"2025-10-27T13:50:43","slug":"llega-la-4a-edicion-de-la-fiesta-del-sabalo-y-regionales","status":"publish","type":"post","link":"https:\/\/victoria.gob.ar\/en\/llega-la-4a-edicion-de-la-fiesta-del-sabalo-y-regionales\/","title":{"rendered":"LLEGA LA 4\u00aa EDICI\u00d3N DE LA FIESTA DEL S\u00c1BALO Y REGIONALES"},"content":{"rendered":"<p><img decoding=\"async\" src=\"https:\/\/s.w.org\/images\/core\/emoji\/16.0.1\/72x72\/1f4c5.png\" alt=\"&#x1f4c5;\" class=\"wp-smiley\" \/> 22, 23 y 24 de noviembre<br \/><img decoding=\"async\" src=\"https:\/\/s.w.org\/images\/core\/emoji\/16.0.1\/72x72\/1f4cd.png\" alt=\"&#x1f4cd;\" class=\"wp-smiley\" \/> Playa Alta \u2013 Av. Costanera y Laprida, Victoria, Entre R\u00edos<\/p>\n<p>Viv\u00ed el pr\u00f3ximo finde largo a orillas del r\u00edo, con shows en vivo, gastronom\u00eda local, feriantes y mucho m\u00e1s.<br \/><img decoding=\"async\" src=\"https:\/\/s.w.org\/images\/core\/emoji\/16.0.1\/72x72\/2728.png\" alt=\"&#x2728;\" class=\"wp-smiley\" \/> Entrada libre y gratuita<br \/><img decoding=\"async\" src=\"https:\/\/s.w.org\/images\/core\/emoji\/16.0.1\/72x72\/1f3c5.png\" alt=\"&#x1f3c5;\" class=\"wp-smiley\" \/> Declarada de Inter\u00e9s Provincial<\/p>\n<p>\u00a1Victoria te espera para celebrar nuestras tradiciones con sabor, m\u00fasica y alegr\u00eda! <img decoding=\"async\" src=\"https:\/\/s.w.org\/images\/core\/emoji\/16.0.1\/72x72\/1f483.png\" alt=\"&#x1f483;\" class=\"wp-smiley\" \/><img decoding=\"async\" src=\"https:\/\/s.w.org\/images\/core\/emoji\/16.0.1\/72x72\/1f30a.png\" alt=\"&#x1f30a;\" class=\"wp-smiley\" \/><\/p>\n<figure class=\"wp-block-image size-large\"><img decoding=\"async\" loading=\"lazy\" width=\"819\" height=\"1024\" src=\"https:\/\/victoria.gob.ar\/prensa\/wp-content\/uploads\/2025\/10\/WhatsApp-Image-2025-10-27-at-11.37.14-819x1024.jpeg\" alt=\"\" class=\"wp-image-2041\" \/><\/figure>","protected":false},"excerpt":{"rendered":"<p>22, 23 y 24 de noviembre Playa Alta \u2013 Av. Costanera y Laprida, Victoria, Entre R\u00edos Viv\u00ed el pr\u00f3ximo finde largo a orillas del r\u00edo, con shows en vivo, gastronom\u00eda local, feriantes y mucho m\u00e1s. Entrada libre y gratuita Declarada de Inter\u00e9s Provincial \u00a1Victoria te espera para celebrar nuestras tradiciones con sabor, m\u00fasica y alegr\u00eda!<\/p>","protected":false},"author":2,"featured_media":3237,"comment_status":"open","ping_status":"open","sticky":false,"template":"","format":"standard","meta":{"neve_meta_sidebar":"","neve_meta_container":"","neve_meta_enable_content_width":"","neve_meta_content_width":0,"neve_meta_title_alignment":"","neve_meta_author_avatar":"","neve_post_elements_order":"","neve_meta_disable_header":"","neve_meta_disable_footer":"","neve_meta_disable_title":"","footnotes":""},"categories":[1],"tags":[],"class_list":["post-3236","post","type-post","status-publish","format-standard","has-post-thumbnail","hentry","category-sin-categoria"],"_links":{"self":[{"href":"https:\/\/victoria.gob.ar\/en\/wp-json\/wp\/v2\/posts\/3236","targetHints":{"allow":["GET"]}}],"collection":[{"href":"https:\/\/victoria.gob.ar\/en\/wp-json\/wp\/v2\/posts"}],"about":[{"href":"https:\/\/victoria.gob.ar\/en\/wp-json\/wp\/v2\/types\/post"}],"author":[{"embeddable":true,"href":"https:\/\/victoria.gob.ar\/en\/wp-json\/wp\/v2\/users\/2"}],"replies":[{"embeddable":true,"href":"https:\/\/victoria.gob.ar\/en\/wp-json\/wp\/v2\/comments?post=3236"}],"version-history":[{"count":0,"href":"https:\/\/victoria.gob.ar\/en\/wp-json\/wp\/v2\/posts\/3236\/revisions"}],"wp:featuredmedia":[{"embeddable":true,"href":"https:\/\/victoria.gob.ar\/en\/wp-json\/wp\/v2\/media\/3237"}],"wp:attachment":[{"href":"https:\/\/victoria.gob.ar\/en\/wp-json\/wp\/v2\/media?parent=3236"}],"wp:term":[{"taxonomy":"category","embeddable":true,"href":"https:\/\/victoria.gob.ar\/en\/wp-json\/wp\/v2\/categories?post=3236"},{"taxonomy":"post_tag","embeddable":true,"href":"https:\/\/victoria.gob.ar\/en\/wp-json\/wp\/v2\/tags?post=3236"}],"curies":[{"name":"wp","href":"https:\/\/api.w.org\/{rel}","templated":true}]}}