{"id":3226,"date":"2025-10-28T12:09:36","date_gmt":"2025-10-28T12:09:36","guid":{"rendered":"https:\/\/victoria.gob.ar\/es\/la-actividad-prevista-para-hoy-martes-28-en-plaza-libertad-en-el-marco-del-mes-de-sensibilizacion-sobre-el-cancer-de-mama-fue-reprogramada\/"},"modified":"2025-10-28T12:09:36","modified_gmt":"2025-10-28T12:09:36","slug":"la-actividad-prevista-para-hoy-martes-28-en-plaza-libertad-en-el-marco-del-mes-de-sensibilizacion-sobre-el-cancer-de-mama-fue-reprogramada","status":"publish","type":"post","link":"https:\/\/victoria.gob.ar\/en\/la-actividad-prevista-para-hoy-martes-28-en-plaza-libertad-en-el-marco-del-mes-de-sensibilizacion-sobre-el-cancer-de-mama-fue-reprogramada\/","title":{"rendered":"La actividad prevista para hoy, martes 28, en Plaza Libertad, en el marco del Mes de Sensibilizaci\u00f3n sobre el C\u00e1ncer de Mama, fue reprogramada."},"content":{"rendered":"<p><img decoding=\"async\" src=\"https:\/\/s.w.org\/images\/core\/emoji\/16.0.1\/72x72\/1f4c5.png\" alt=\"&#x1f4c5;\" class=\"wp-smiley\"\/> Se realizar\u00e1 el martes 4 de noviembre, en el mismo lugar y horarios:<br \/><img decoding=\"async\" src=\"https:\/\/s.w.org\/images\/core\/emoji\/16.0.1\/72x72\/1f559.png\" alt=\"&#x1f559;\" class=\"wp-smiley\"\/> De 10:00 a 12:00 h y de 16:00 a 18:00 h.<\/p>\n<p>Te esperamos para seguir compartiendo una jornada de concientizaci\u00f3n, prevenci\u00f3n y acompa\u00f1amiento<\/p>\n<figure class=\"wp-block-image size-large\"><img decoding=\"async\" loading=\"lazy\" width=\"819\" height=\"1024\" src=\"https:\/\/victoria.gob.ar\/prensa\/wp-content\/uploads\/2025\/10\/WhatsApp-Image-2025-10-28-at-08.07.53-819x1024.jpeg\" alt=\"\" class=\"wp-image-2026\"\/><\/figure>","protected":false},"excerpt":{"rendered":"<p>Se realizar\u00e1 el martes 4 de noviembre, en el mismo lugar y horarios: De 10:00 a 12:00 h y de 16:00 a 18:00 h. Te esperamos para seguir compartiendo una jornada de concientizaci\u00f3n, prevenci\u00f3n y acompa\u00f1amiento<\/p>","protected":false},"author":2,"featured_media":3227,"comment_status":"open","ping_status":"open","sticky":false,"template":"","format":"standard","meta":{"neve_meta_sidebar":"","neve_meta_container":"","neve_meta_enable_content_width":"","neve_meta_content_width":0,"neve_meta_title_alignment":"","neve_meta_author_avatar":"","neve_post_elements_order":"","neve_meta_disable_header":"","neve_meta_disable_footer":"","neve_meta_disable_title":"","footnotes":""},"categories":[1],"tags":[],"class_list":["post-3226","post","type-post","status-publish","format-standard","has-post-thumbnail","hentry","category-sin-categoria"],"_links":{"self":[{"href":"https:\/\/victoria.gob.ar\/en\/wp-json\/wp\/v2\/posts\/3226","targetHints":{"allow":["GET"]}}],"collection":[{"href":"https:\/\/victoria.gob.ar\/en\/wp-json\/wp\/v2\/posts"}],"about":[{"href":"https:\/\/victoria.gob.ar\/en\/wp-json\/wp\/v2\/types\/post"}],"author":[{"embeddable":true,"href":"https:\/\/victoria.gob.ar\/en\/wp-json\/wp\/v2\/users\/2"}],"replies":[{"embeddable":true,"href":"https:\/\/victoria.gob.ar\/en\/wp-json\/wp\/v2\/comments?post=3226"}],"version-history":[{"count":0,"href":"https:\/\/victoria.gob.ar\/en\/wp-json\/wp\/v2\/posts\/3226\/revisions"}],"wp:featuredmedia":[{"embeddable":true,"href":"https:\/\/victoria.gob.ar\/en\/wp-json\/wp\/v2\/media\/3227"}],"wp:attachment":[{"href":"https:\/\/victoria.gob.ar\/en\/wp-json\/wp\/v2\/media?parent=3226"}],"wp:term":[{"taxonomy":"category","embeddable":true,"href":"https:\/\/victoria.gob.ar\/en\/wp-json\/wp\/v2\/categories?post=3226"},{"taxonomy":"post_tag","embeddable":true,"href":"https:\/\/victoria.gob.ar\/en\/wp-json\/wp\/v2\/tags?post=3226"}],"curies":[{"name":"wp","href":"https:\/\/api.w.org\/{rel}","templated":true}]}}