{"id":3218,"date":"2025-10-22T16:31:59","date_gmt":"2025-10-22T16:31:59","guid":{"rendered":"http:\/\/victoria.gob.ar\/es\/servicio-gratuito-de-tum-durante-las-elecciones-%f0%9f%9a%8c\/"},"modified":"2025-10-22T16:31:59","modified_gmt":"2025-10-22T16:31:59","slug":"servicio-gratuito-de-tum-durante-las-elecciones-%f0%9f%9a%8c","status":"publish","type":"post","link":"https:\/\/victoria.gob.ar\/en\/servicio-gratuito-de-tum-durante-las-elecciones-%f0%9f%9a%8c\/","title":{"rendered":"SERVICIO GRATUITO DE TUM DURANTE LAS ELECCIONES &#x1f68c;"},"content":{"rendered":"<p>La Municipalidad de Victoria informa que, con motivo de las elecciones de este domingo 26 de octubre, el Transporte Urbano Municipal (TUM) funcionar\u00e1 de manera gratuita en sus dos l\u00edneas.<\/p>\n<p><img decoding=\"async\" src=\"https:\/\/s.w.org\/images\/core\/emoji\/16.0.1\/72x72\/1f556.png\" alt=\"&#x1f556;\" class=\"wp-smiley\" \/> Horario: de 07:00 a 19:00 h<br \/><img decoding=\"async\" src=\"https:\/\/s.w.org\/images\/core\/emoji\/16.0.1\/72x72\/1f4dc.png\" alt=\"&#x1f4dc;\" class=\"wp-smiley\" \/> Seg\u00fan lo establecido por la Ordenanza Nro. 3787<\/p>\n<figure class=\"wp-block-image size-large\"><img loading=\"lazy\" decoding=\"async\" width=\"819\" height=\"1024\" src=\"https:\/\/victoria.gob.ar\/prensa\/wp-content\/uploads\/2025\/10\/WhatsApp-Image-2025-10-22-at-12.29.21-819x1024.jpeg\" alt=\"\" class=\"wp-image-2015\" \/><\/figure>","protected":false},"excerpt":{"rendered":"<p>La Municipalidad de Victoria informa que, con motivo de las elecciones de este domingo 26 de octubre, el Transporte Urbano Municipal (TUM) funcionar\u00e1 de manera gratuita en sus dos l\u00edneas. Horario: de 07:00 a 19:00 h Seg\u00fan lo establecido por la Ordenanza Nro. 3787<\/p>","protected":false},"author":2,"featured_media":3219,"comment_status":"open","ping_status":"open","sticky":false,"template":"","format":"standard","meta":{"neve_meta_sidebar":"","neve_meta_container":"","neve_meta_enable_content_width":"","neve_meta_content_width":0,"neve_meta_title_alignment":"","neve_meta_author_avatar":"","neve_post_elements_order":"","neve_meta_disable_header":"","neve_meta_disable_footer":"","neve_meta_disable_title":"","footnotes":""},"categories":[1],"tags":[],"class_list":["post-3218","post","type-post","status-publish","format-standard","has-post-thumbnail","hentry","category-sin-categoria"],"_links":{"self":[{"href":"https:\/\/victoria.gob.ar\/en\/wp-json\/wp\/v2\/posts\/3218","targetHints":{"allow":["GET"]}}],"collection":[{"href":"https:\/\/victoria.gob.ar\/en\/wp-json\/wp\/v2\/posts"}],"about":[{"href":"https:\/\/victoria.gob.ar\/en\/wp-json\/wp\/v2\/types\/post"}],"author":[{"embeddable":true,"href":"https:\/\/victoria.gob.ar\/en\/wp-json\/wp\/v2\/users\/2"}],"replies":[{"embeddable":true,"href":"https:\/\/victoria.gob.ar\/en\/wp-json\/wp\/v2\/comments?post=3218"}],"version-history":[{"count":0,"href":"https:\/\/victoria.gob.ar\/en\/wp-json\/wp\/v2\/posts\/3218\/revisions"}],"wp:featuredmedia":[{"embeddable":true,"href":"https:\/\/victoria.gob.ar\/en\/wp-json\/wp\/v2\/media\/3219"}],"wp:attachment":[{"href":"https:\/\/victoria.gob.ar\/en\/wp-json\/wp\/v2\/media?parent=3218"}],"wp:term":[{"taxonomy":"category","embeddable":true,"href":"https:\/\/victoria.gob.ar\/en\/wp-json\/wp\/v2\/categories?post=3218"},{"taxonomy":"post_tag","embeddable":true,"href":"https:\/\/victoria.gob.ar\/en\/wp-json\/wp\/v2\/tags?post=3218"}],"curies":[{"name":"wp","href":"https:\/\/api.w.org\/{rel}","templated":true}]}}