{"id":3206,"date":"2025-10-16T13:44:53","date_gmt":"2025-10-16T13:44:53","guid":{"rendered":"http:\/\/victoria.gob.ar\/es\/dia-mundial-de-la-alimentacion-en-victoria\/"},"modified":"2025-10-16T13:44:53","modified_gmt":"2025-10-16T13:44:53","slug":"dia-mundial-de-la-alimentacion-en-victoria","status":"publish","type":"post","link":"https:\/\/victoria.gob.ar\/en\/dia-mundial-de-la-alimentacion-en-victoria\/","title":{"rendered":"D\u00cdA MUNDIAL DE LA ALIMENTACI\u00d3N EN VICTORIA"},"content":{"rendered":"<p>Hoy, la Municipalidad de Victoria celebr\u00f3 en la Plaza San Mart\u00edn el D\u00eda Mundial de la Alimentaci\u00f3n, con espacios abiertos de participaci\u00f3n y aprendizaje junto a vecinos, estudiantes y emprendedores.<\/p>\n<p>Hubo charlas de profesionales sobre nutrici\u00f3n y alimentaci\u00f3n consciente, cuidado del cuerpo y actividad f\u00edsica, juegos did\u00e1cticos, gastronom\u00eda en vivo, entrega de semillas y feria de productos naturales, promoviendo h\u00e1bitos saludables y el cuidado del ambiente.<\/p>\n<p>Nuestra intendente, Isa Castagnino, agradeci\u00f3 a todos los que participaron y a los equipos municipales por hacer posible esta jornada tan enriquecedora.<\/p>\n<figure class=\"wp-block-gallery has-nested-images columns-default is-cropped wp-block-gallery-5 is-layout-flex wp-block-gallery-is-layout-flex\">\n<figure class=\"wp-block-image size-large\"><img decoding=\"async\" loading=\"lazy\" width=\"1024\" height=\"682\" data-id=\"1964\" src=\"https:\/\/victoria.gob.ar\/prensa\/wp-content\/uploads\/2025\/10\/WhatsApp-Image-2025-10-16-at-22.30.35-1-1024x682.jpeg\" alt=\"\" class=\"wp-image-1964\" \/><\/figure>\n<figure class=\"wp-block-image size-large\"><img decoding=\"async\" loading=\"lazy\" width=\"1024\" height=\"682\" data-id=\"1962\" src=\"https:\/\/victoria.gob.ar\/prensa\/wp-content\/uploads\/2025\/10\/WhatsApp-Image-2025-10-16-at-22.30.35-1024x682.jpeg\" alt=\"\" class=\"wp-image-1962\" \/><\/figure>\n<figure class=\"wp-block-image size-large\"><img decoding=\"async\" loading=\"lazy\" width=\"1024\" height=\"682\" data-id=\"1963\" src=\"https:\/\/victoria.gob.ar\/prensa\/wp-content\/uploads\/2025\/10\/WhatsApp-Image-2025-10-16-at-22.30.34-2-1024x682.jpeg\" alt=\"\" class=\"wp-image-1963\" \/><\/figure>\n<figure class=\"wp-block-image size-large\"><img decoding=\"async\" loading=\"lazy\" width=\"1024\" height=\"682\" data-id=\"1961\" src=\"https:\/\/victoria.gob.ar\/prensa\/wp-content\/uploads\/2025\/10\/WhatsApp-Image-2025-10-16-at-22.30.34-1-1024x682.jpeg\" alt=\"\" class=\"wp-image-1961\" \/><\/figure>\n<figure class=\"wp-block-image size-large\"><img decoding=\"async\" loading=\"lazy\" width=\"1024\" height=\"682\" data-id=\"1968\" src=\"https:\/\/victoria.gob.ar\/prensa\/wp-content\/uploads\/2025\/10\/WhatsApp-Image-2025-10-16-at-22.30.34-1024x682.jpeg\" alt=\"\" class=\"wp-image-1968\" \/><\/figure>\n<figure class=\"wp-block-image size-large\"><img decoding=\"async\" loading=\"lazy\" width=\"1024\" height=\"682\" data-id=\"1965\" src=\"https:\/\/victoria.gob.ar\/prensa\/wp-content\/uploads\/2025\/10\/WhatsApp-Image-2025-10-16-at-22.30.32-1024x682.jpeg\" alt=\"\" class=\"wp-image-1965\" \/><\/figure>\n<figure class=\"wp-block-image size-large\"><img decoding=\"async\" loading=\"lazy\" width=\"1024\" height=\"682\" data-id=\"1966\" src=\"https:\/\/victoria.gob.ar\/prensa\/wp-content\/uploads\/2025\/10\/WhatsApp-Image-2025-10-16-at-22.30.33-1-1024x682.jpeg\" alt=\"\" class=\"wp-image-1966\" \/><\/figure>\n<figure class=\"wp-block-image size-large\"><img decoding=\"async\" loading=\"lazy\" width=\"1024\" height=\"682\" data-id=\"1967\" src=\"https:\/\/victoria.gob.ar\/prensa\/wp-content\/uploads\/2025\/10\/WhatsApp-Image-2025-10-16-at-22.30.33-1024x682.jpeg\" alt=\"\" class=\"wp-image-1967\" \/><\/figure>\n<\/figure>","protected":false},"excerpt":{"rendered":"<p>Hoy, la Municipalidad de Victoria celebr\u00f3 en la Plaza San Mart\u00edn el D\u00eda Mundial de la Alimentaci\u00f3n, con espacios abiertos de participaci\u00f3n y aprendizaje junto a vecinos, estudiantes y emprendedores. Hubo charlas de profesionales sobre nutrici\u00f3n y alimentaci\u00f3n consciente, cuidado del cuerpo y actividad f\u00edsica, juegos did\u00e1cticos, gastronom\u00eda en vivo, entrega de semillas y feria&hellip;&nbsp;<a href=\"https:\/\/victoria.gob.ar\/en\/dia-mundial-de-la-alimentacion-en-victoria\/\" rel=\"bookmark\"><span class=\"screen-reader-text\">D\u00cdA MUNDIAL DE LA ALIMENTACI\u00d3N EN VICTORIA<\/span><\/a><\/p>","protected":false},"author":2,"featured_media":3207,"comment_status":"open","ping_status":"open","sticky":false,"template":"","format":"standard","meta":{"neve_meta_sidebar":"","neve_meta_container":"","neve_meta_enable_content_width":"","neve_meta_content_width":0,"neve_meta_title_alignment":"","neve_meta_author_avatar":"","neve_post_elements_order":"","neve_meta_disable_header":"","neve_meta_disable_footer":"","neve_meta_disable_title":"","footnotes":""},"categories":[1],"tags":[],"class_list":["post-3206","post","type-post","status-publish","format-standard","has-post-thumbnail","hentry","category-sin-categoria"],"_links":{"self":[{"href":"https:\/\/victoria.gob.ar\/en\/wp-json\/wp\/v2\/posts\/3206","targetHints":{"allow":["GET"]}}],"collection":[{"href":"https:\/\/victoria.gob.ar\/en\/wp-json\/wp\/v2\/posts"}],"about":[{"href":"https:\/\/victoria.gob.ar\/en\/wp-json\/wp\/v2\/types\/post"}],"author":[{"embeddable":true,"href":"https:\/\/victoria.gob.ar\/en\/wp-json\/wp\/v2\/users\/2"}],"replies":[{"embeddable":true,"href":"https:\/\/victoria.gob.ar\/en\/wp-json\/wp\/v2\/comments?post=3206"}],"version-history":[{"count":0,"href":"https:\/\/victoria.gob.ar\/en\/wp-json\/wp\/v2\/posts\/3206\/revisions"}],"wp:featuredmedia":[{"embeddable":true,"href":"https:\/\/victoria.gob.ar\/en\/wp-json\/wp\/v2\/media\/3207"}],"wp:attachment":[{"href":"https:\/\/victoria.gob.ar\/en\/wp-json\/wp\/v2\/media?parent=3206"}],"wp:term":[{"taxonomy":"category","embeddable":true,"href":"https:\/\/victoria.gob.ar\/en\/wp-json\/wp\/v2\/categories?post=3206"},{"taxonomy":"post_tag","embeddable":true,"href":"https:\/\/victoria.gob.ar\/en\/wp-json\/wp\/v2\/tags?post=3206"}],"curies":[{"name":"wp","href":"https:\/\/api.w.org\/{rel}","templated":true}]}}