{"id":3204,"date":"2025-10-17T13:46:48","date_gmt":"2025-10-17T13:46:48","guid":{"rendered":"http:\/\/victoria.gob.ar\/es\/a-partir-de-hoy-viernes-17-de-octubre-el-transporte-urbano-municipal-sumara-horarios-de-parada-en-el-frigorifico-y-matadero-municipal-sobre-ruta-nro-26-de-esta-manera-los-horarios-estimativos-d\/"},"modified":"2025-10-17T13:46:48","modified_gmt":"2025-10-17T13:46:48","slug":"a-partir-de-hoy-viernes-17-de-octubre-el-transporte-urbano-municipal-sumara-horarios-de-parada-en-el-frigorifico-y-matadero-municipal-sobre-ruta-nro-26-de-esta-manera-los-horarios-estimativos-d","status":"publish","type":"post","link":"https:\/\/victoria.gob.ar\/en\/a-partir-de-hoy-viernes-17-de-octubre-el-transporte-urbano-municipal-sumara-horarios-de-parada-en-el-frigorifico-y-matadero-municipal-sobre-ruta-nro-26-de-esta-manera-los-horarios-estimativos-d\/","title":{"rendered":"A partir de hoy, viernes 17 de octubre, el Transporte Urbano Municipal sumar\u00e1 horarios de parada en el Frigor\u00edfico y Matadero Municipal (sobre Ruta Nro. 26). De esta manera, los horarios estimativos de llegada ser\u00e1n los siguientes:"},"content":{"rendered":"<ul class=\"wp-block-list\">\n<li>En el turno ma\u00f1ana: 08:12, 10:12 y 12:12 h.<\/li>\n<li>En el turno tarde: 16:12, 18:12 y 20:12 h.<\/li>\n<\/ul>\n<figure class=\"wp-block-gallery has-nested-images columns-default is-cropped wp-block-gallery-4 is-layout-flex wp-block-gallery-is-layout-flex\">\n<figure class=\"wp-block-image size-large\"><img decoding=\"async\" loading=\"lazy\" width=\"819\" height=\"1024\" data-id=\"1974\" src=\"https:\/\/victoria.gob.ar\/prensa\/wp-content\/uploads\/2025\/10\/WhatsApp-Image-2025-10-18-at-15.43.45-819x1024.jpeg\" alt=\"\" class=\"wp-image-1974\" \/><\/figure>\n<figure class=\"wp-block-image size-large\"><img decoding=\"async\" loading=\"lazy\" width=\"819\" height=\"1024\" data-id=\"1973\" src=\"https:\/\/victoria.gob.ar\/prensa\/wp-content\/uploads\/2025\/10\/WhatsApp-Image-2025-10-18-at-15.43.44-1-819x1024.jpeg\" alt=\"\" class=\"wp-image-1973\" \/><\/figure>\n<figure class=\"wp-block-image size-large\"><img decoding=\"async\" loading=\"lazy\" width=\"819\" height=\"1024\" data-id=\"1972\" src=\"https:\/\/victoria.gob.ar\/prensa\/wp-content\/uploads\/2025\/10\/WhatsApp-Image-2025-10-18-at-15.43.44-819x1024.jpeg\" alt=\"\" class=\"wp-image-1972\" \/><\/figure>\n<\/figure>","protected":false},"excerpt":{"rendered":"<p>En el turno ma\u00f1ana: 08:12, 10:12 y 12:12 h. En el turno tarde: 16:12, 18:12 y 20:12 h.<\/p>","protected":false},"author":2,"featured_media":3205,"comment_status":"open","ping_status":"open","sticky":false,"template":"","format":"standard","meta":{"neve_meta_sidebar":"","neve_meta_container":"","neve_meta_enable_content_width":"","neve_meta_content_width":0,"neve_meta_title_alignment":"","neve_meta_author_avatar":"","neve_post_elements_order":"","neve_meta_disable_header":"","neve_meta_disable_footer":"","neve_meta_disable_title":"","footnotes":""},"categories":[1],"tags":[],"class_list":["post-3204","post","type-post","status-publish","format-standard","has-post-thumbnail","hentry","category-sin-categoria"],"_links":{"self":[{"href":"https:\/\/victoria.gob.ar\/en\/wp-json\/wp\/v2\/posts\/3204","targetHints":{"allow":["GET"]}}],"collection":[{"href":"https:\/\/victoria.gob.ar\/en\/wp-json\/wp\/v2\/posts"}],"about":[{"href":"https:\/\/victoria.gob.ar\/en\/wp-json\/wp\/v2\/types\/post"}],"author":[{"embeddable":true,"href":"https:\/\/victoria.gob.ar\/en\/wp-json\/wp\/v2\/users\/2"}],"replies":[{"embeddable":true,"href":"https:\/\/victoria.gob.ar\/en\/wp-json\/wp\/v2\/comments?post=3204"}],"version-history":[{"count":0,"href":"https:\/\/victoria.gob.ar\/en\/wp-json\/wp\/v2\/posts\/3204\/revisions"}],"wp:featuredmedia":[{"embeddable":true,"href":"https:\/\/victoria.gob.ar\/en\/wp-json\/wp\/v2\/media\/3205"}],"wp:attachment":[{"href":"https:\/\/victoria.gob.ar\/en\/wp-json\/wp\/v2\/media?parent=3204"}],"wp:term":[{"taxonomy":"category","embeddable":true,"href":"https:\/\/victoria.gob.ar\/en\/wp-json\/wp\/v2\/categories?post=3204"},{"taxonomy":"post_tag","embeddable":true,"href":"https:\/\/victoria.gob.ar\/en\/wp-json\/wp\/v2\/tags?post=3204"}],"curies":[{"name":"wp","href":"https:\/\/api.w.org\/{rel}","templated":true}]}}