{"id":3177,"date":"2025-10-15T16:03:41","date_gmt":"2025-10-15T16:03:41","guid":{"rendered":"http:\/\/victoria.gob.ar\/es\/atencion-vecinos\/"},"modified":"2025-10-15T16:03:41","modified_gmt":"2025-10-15T16:03:41","slug":"atencion-vecinos","status":"publish","type":"post","link":"https:\/\/victoria.gob.ar\/en\/atencion-vecinos\/","title":{"rendered":"\u00a1Atenci\u00f3n, vecinos!"},"content":{"rendered":"<p>Este s\u00e1bado 18 el CAPS San Roque (<img decoding=\"async\" src=\"https:\/\/s.w.org\/images\/core\/emoji\/16.0.1\/72x72\/1f4cd.png\" alt=\"&#x1f4cd;\" class=\"wp-smiley\" \/> Yrigoyen y Yapey\u00fa) abre sus puertas para la comunidad de <img decoding=\"async\" src=\"https:\/\/s.w.org\/images\/core\/emoji\/16.0.1\/72x72\/231a.png\" alt=\"&#x231a;\" class=\"wp-smiley\" \/> 14:00 a 18:00 h.<\/p>\n<p><img decoding=\"async\" src=\"https:\/\/s.w.org\/images\/core\/emoji\/16.0.1\/72x72\/2705.png\" alt=\"&#x2705;\" class=\"wp-smiley\" \/> Control de carnet de vacunaci\u00f3n<br \/><img decoding=\"async\" src=\"https:\/\/s.w.org\/images\/core\/emoji\/16.0.1\/72x72\/1f489.png\" alt=\"&#x1f489;\" class=\"wp-smiley\" \/> Aplicaci\u00f3n de vacunas del Calendario Nacional<\/p>\n<p>Acercate con tu <img decoding=\"async\" src=\"https:\/\/s.w.org\/images\/core\/emoji\/16.0.1\/72x72\/1faaa.png\" alt=\"&#x1faaa;\" class=\"wp-smiley\" \/> DNI y el carnet de vacunas para mantener al d\u00eda la protecci\u00f3n de toda la familia.<\/p>\n<figure class=\"wp-block-image size-large\"><img loading=\"lazy\" decoding=\"async\" width=\"819\" height=\"1024\" src=\"https:\/\/victoria.gob.ar\/prensa\/wp-content\/uploads\/2025\/10\/WhatsApp-Image-2025-10-15-at-10.52.49-819x1024.jpeg\" alt=\"\" class=\"wp-image-1952\" \/><\/figure>","protected":false},"excerpt":{"rendered":"<p>Este s\u00e1bado 18 el CAPS San Roque ( Yrigoyen y Yapey\u00fa) abre sus puertas para la comunidad de 14:00 a 18:00 h. Control de carnet de vacunaci\u00f3n Aplicaci\u00f3n de vacunas del Calendario Nacional Acercate con tu DNI y el carnet de vacunas para mantener al d\u00eda la protecci\u00f3n de toda la familia.<\/p>","protected":false},"author":2,"featured_media":3178,"comment_status":"open","ping_status":"open","sticky":false,"template":"","format":"standard","meta":{"neve_meta_sidebar":"","neve_meta_container":"","neve_meta_enable_content_width":"","neve_meta_content_width":0,"neve_meta_title_alignment":"","neve_meta_author_avatar":"","neve_post_elements_order":"","neve_meta_disable_header":"","neve_meta_disable_footer":"","neve_meta_disable_title":"","footnotes":""},"categories":[1],"tags":[],"class_list":["post-3177","post","type-post","status-publish","format-standard","has-post-thumbnail","hentry","category-sin-categoria"],"_links":{"self":[{"href":"https:\/\/victoria.gob.ar\/en\/wp-json\/wp\/v2\/posts\/3177","targetHints":{"allow":["GET"]}}],"collection":[{"href":"https:\/\/victoria.gob.ar\/en\/wp-json\/wp\/v2\/posts"}],"about":[{"href":"https:\/\/victoria.gob.ar\/en\/wp-json\/wp\/v2\/types\/post"}],"author":[{"embeddable":true,"href":"https:\/\/victoria.gob.ar\/en\/wp-json\/wp\/v2\/users\/2"}],"replies":[{"embeddable":true,"href":"https:\/\/victoria.gob.ar\/en\/wp-json\/wp\/v2\/comments?post=3177"}],"version-history":[{"count":0,"href":"https:\/\/victoria.gob.ar\/en\/wp-json\/wp\/v2\/posts\/3177\/revisions"}],"wp:featuredmedia":[{"embeddable":true,"href":"https:\/\/victoria.gob.ar\/en\/wp-json\/wp\/v2\/media\/3178"}],"wp:attachment":[{"href":"https:\/\/victoria.gob.ar\/en\/wp-json\/wp\/v2\/media?parent=3177"}],"wp:term":[{"taxonomy":"category","embeddable":true,"href":"https:\/\/victoria.gob.ar\/en\/wp-json\/wp\/v2\/categories?post=3177"},{"taxonomy":"post_tag","embeddable":true,"href":"https:\/\/victoria.gob.ar\/en\/wp-json\/wp\/v2\/tags?post=3177"}],"curies":[{"name":"wp","href":"https:\/\/api.w.org\/{rel}","templated":true}]}}