{"id":3151,"date":"2025-10-08T18:38:30","date_gmt":"2025-10-08T18:38:30","guid":{"rendered":"http:\/\/victoria.gob.ar\/es\/se-desarrollo-en-el-concejo-deliberante-la-instancia-departamental-del-senado-juvenil\/"},"modified":"2025-10-08T18:38:30","modified_gmt":"2025-10-08T18:38:30","slug":"se-desarrollo-en-el-concejo-deliberante-la-instancia-departamental-del-senado-juvenil","status":"publish","type":"post","link":"https:\/\/victoria.gob.ar\/en\/se-desarrollo-en-el-concejo-deliberante-la-instancia-departamental-del-senado-juvenil\/","title":{"rendered":"SE DESARROLL\u00d3 EN EL CONCEJO DELIBERANTE LA INSTANCIA DEPARTAMENTAL DEL SENADO JUVENIL"},"content":{"rendered":"<p>Nuestra presidente municipal, Isa Castagnino, acompa\u00f1ada del viceintendente, Andr\u00e9s Marchese, el senador provincial, V\u00edctor Sanzberro, la directora departamental de escuelas, Silvia Garcilazo, y la coordinadora del Senado Juvenil, Claribel Garc\u00eda, estuvo presente hoy en el sal\u00f3n del Concejo Deliberante, donde se llev\u00f3 adelante la instancia departamental 2025 del Senado Juvenil, un programa educativo impulsado por la Vicegobernaci\u00f3n de Entre R\u00edos desde hace 33 a\u00f1os, destinado a estudiantes secundarios de toda la provincia.<\/p>\n<p>Esta iniciativa busca promover la participaci\u00f3n ciudadana y el compromiso social de los j\u00f3venes, quienes asumen el rol de senadores y defienden proyectos elaborados en sus instituciones en torno a diversas problem\u00e1ticas comunitarias.<\/p>\n<p>Durante la jornada, estudiantes de seis instituciones educativas locales presentaron sus propuestas ante el jurado:<\/p>\n<ul class=\"wp-block-list\">\n<li>Primer puesto, con 274 puntos: Escuela Secundaria Nro. 13 \u201cAdolfo R. Mittelman\u201d: Ley PertenecER, \u201cComunicaci\u00f3n accesible = sociedades inclusivas\u00bb, que busca impulsar, mediante Proyecto de Ley, la ense\u00f1anza de la Lengua de Se\u00f1as Argentina (LSA) en espacios curriculares espec\u00edficos en todas las escuelas secundarias entrerrianas.<\/li>\n<li>Segundo puesto, con 272 puntos: Instituto \u201cJ. F. Kennedy\u201d: \u201cFuegoSOS aplicaci\u00f3n m\u00f3vil para reportar incendios en humedales\u201d, para implementar una aplicaci\u00f3n m\u00f3vil de alerta temprana que optimice los procesos de denuncia, seguimiento y respuesta frente a los incendios en humedales.<\/li>\n<li>Tercer puesto, con 270 puntos: Escuela Normal Superior \u201cOsvaldo Magnasco\u201d: \u201cEscuelas que cuidan: convivencia y bienestar estudiantil\u201d, un proyecto que propone crear un programa que garantice el fortalecimiento de la convivencia escolar como estrategia para promover la salud mental y mejorar el rendimiento acad\u00e9mico de los estudiantes.<\/li>\n<li>Cuarto puesto, con 267 puntos: Colegio \u201cNuestra Se\u00f1ora del Huerto\u201d: \u201cNo tengas miedo, apret\u00e1 el bot\u00f3n\u201d, orientado a construir un bot\u00f3n de emergencia para prevenir la violencia escolar en las instituciones educativas de Nivel Secundario.<\/li>\n<li>Quinto puesto, con 254 puntos: Escuela Nro. 9 \u201cJuan Ram\u00f3n Turano\u201d: \u201cDesafiando el destino, interrumpiendo silencios\u201d, una propuesta que tiene como objetivo principal concientizar a la sociedad sobre la problem\u00e1tica del bullying y ciberbullying.<\/li>\n<li>Sexto puesto, con 252 puntos: Escuela Nro. 10 \u201cDr. Joaqu\u00edn Vivanco\u201d: \u201cUn nuevo comienzo, reconstruyendo la vida\u201d, busca proporcionar un lugar f\u00edsico gratuito vinculado a los centros de salud con la finalidad de que los adolescentes que transiten o hayan transitado periodos de salud mental e intentos de suicidio encuentren apoyo, comprensi\u00f3n, bienestar y vinculaci\u00f3n en la comunidad y el \u00e1mbito laboral.<\/li>\n<\/ul>\n<p>Los proyectos fueron elaborados con el acompa\u00f1amiento de docentes asesores y el apoyo del senador departamental, V\u00edctor Sanzberro, quienes guiaron a los alumnos a lo largo del proceso de construcci\u00f3n y defensa de sus iniciativas.<\/p>\n<p>Desde la Municipalidad de Victoria se celebra el compromiso, la creatividad y la participaci\u00f3n de los j\u00f3venes victorienses en este espacio que fortalece la formaci\u00f3n c\u00edvica y el esp\u00edritu democr\u00e1tico de las nuevas generaciones.<\/p>\n\n<div data-wp-interactive=\"core\/file\" class=\"wp-block-file\"><a href=\"https:\/\/victoria.gob.ar\/prensa\/wp-content\/uploads\/2025\/10\/6%C2%B0-Esc.-N%C2%B0-13-Victoria-Proyecto-de-Ley-PertenecER.-Comunicacion-accesible_sociedades-inclusivas.-1.pdf\">(6\u00b0 Esc. N\u00b0 13, Victoria) Proyecto de Ley PertenecER. Comunicaci\u00f3n accesible_sociedades inclusivas. (1)<\/a><a href=\"https:\/\/victoria.gob.ar\/prensa\/wp-content\/uploads\/2025\/10\/6%C2%B0-Esc.-N%C2%B0-13-Victoria-Proyecto-de-Ley-PertenecER.-Comunicacion-accesible_sociedades-inclusivas.-1.pdf\" class=\"wp-block-file__button wp-element-button\" download aria-describedby=\"wp-block-file--media-06e6a889-8897-43d7-99a0-b135dfbf12a5\">Descarga<\/a><\/div>\n<figure class=\"wp-block-image size-large\"><img loading=\"lazy\" decoding=\"async\" width=\"1024\" height=\"682\" src=\"https:\/\/victoria.gob.ar\/prensa\/wp-content\/uploads\/2025\/10\/WhatsApp-Image-2025-10-08-at-15.12.21-1024x682.jpeg\" alt=\"\" class=\"wp-image-1928\" \/><\/figure>\n<figure class=\"wp-block-gallery has-nested-images columns-default is-cropped wp-block-gallery-1 is-layout-flex wp-block-gallery-is-layout-flex\">\n<figure class=\"wp-block-image size-large\"><img loading=\"lazy\" decoding=\"async\" width=\"1024\" height=\"682\" data-id=\"1925\" src=\"https:\/\/victoria.gob.ar\/prensa\/wp-content\/uploads\/2025\/10\/WhatsApp-Image-2025-10-08-at-15.12.24-1024x682.jpeg\" alt=\"\" class=\"wp-image-1925\" \/><\/figure>\n<figure class=\"wp-block-image size-large\"><img loading=\"lazy\" decoding=\"async\" width=\"1024\" height=\"682\" data-id=\"1926\" src=\"https:\/\/victoria.gob.ar\/prensa\/wp-content\/uploads\/2025\/10\/WhatsApp-Image-2025-10-08-at-15.11.51-1024x682.jpeg\" alt=\"\" class=\"wp-image-1926\" \/><\/figure>\n<figure class=\"wp-block-image size-large\"><img decoding=\"async\" loading=\"lazy\" width=\"1024\" height=\"682\" data-id=\"1924\" src=\"https:\/\/victoria.gob.ar\/prensa\/wp-content\/uploads\/2025\/10\/WhatsApp-Image-2025-10-08-at-15.12.03-1024x682.jpeg\" alt=\"\" class=\"wp-image-1924\" \/><\/figure>\n<figure class=\"wp-block-image size-large\"><img decoding=\"async\" loading=\"lazy\" width=\"1024\" height=\"682\" data-id=\"1929\" src=\"https:\/\/victoria.gob.ar\/prensa\/wp-content\/uploads\/2025\/10\/WhatsApp-Image-2025-10-08-at-15.12.21-1-1024x682.jpeg\" alt=\"\" class=\"wp-image-1929\" \/><\/figure>\n<figure class=\"wp-block-image size-large\"><img decoding=\"async\" loading=\"lazy\" width=\"1024\" height=\"682\" data-id=\"1931\" src=\"https:\/\/victoria.gob.ar\/prensa\/wp-content\/uploads\/2025\/10\/WhatsApp-Image-2025-10-08-at-15.12.22-1024x682.jpeg\" alt=\"\" class=\"wp-image-1931\" \/><\/figure>\n<figure class=\"wp-block-image size-large\"><img decoding=\"async\" loading=\"lazy\" width=\"1024\" height=\"682\" data-id=\"1930\" src=\"https:\/\/victoria.gob.ar\/prensa\/wp-content\/uploads\/2025\/10\/WhatsApp-Image-2025-10-08-at-15.12.22-1-1024x682.jpeg\" alt=\"\" class=\"wp-image-1930\" \/><\/figure>\n<figure class=\"wp-block-image size-large\"><img decoding=\"async\" loading=\"lazy\" width=\"1024\" height=\"682\" data-id=\"1927\" src=\"https:\/\/victoria.gob.ar\/prensa\/wp-content\/uploads\/2025\/10\/WhatsApp-Image-2025-10-08-at-15.12.23-1024x682.jpeg\" alt=\"\" class=\"wp-image-1927\" \/><\/figure>\n<\/figure>","protected":false},"excerpt":{"rendered":"<p>Nuestra presidente municipal, Isa Castagnino, acompa\u00f1ada del viceintendente, Andr\u00e9s Marchese, el senador provincial, V\u00edctor Sanzberro, la directora departamental de escuelas, Silvia Garcilazo, y la coordinadora del Senado Juvenil, Claribel Garc\u00eda, estuvo presente hoy en el sal\u00f3n del Concejo Deliberante, donde se llev\u00f3 adelante la instancia departamental 2025 del Senado Juvenil, un programa educativo impulsado por&hellip;&nbsp;<a href=\"https:\/\/victoria.gob.ar\/en\/se-desarrollo-en-el-concejo-deliberante-la-instancia-departamental-del-senado-juvenil\/\" rel=\"bookmark\"><span class=\"screen-reader-text\">SE DESARROLL\u00d3 EN EL CONCEJO DELIBERANTE LA INSTANCIA DEPARTAMENTAL DEL SENADO JUVENIL<\/span><\/a><\/p>","protected":false},"author":2,"featured_media":3152,"comment_status":"open","ping_status":"open","sticky":false,"template":"","format":"standard","meta":{"neve_meta_sidebar":"","neve_meta_container":"","neve_meta_enable_content_width":"","neve_meta_content_width":0,"neve_meta_title_alignment":"","neve_meta_author_avatar":"","neve_post_elements_order":"","neve_meta_disable_header":"","neve_meta_disable_footer":"","neve_meta_disable_title":"","footnotes":""},"categories":[1],"tags":[],"class_list":["post-3151","post","type-post","status-publish","format-standard","has-post-thumbnail","hentry","category-sin-categoria"],"_links":{"self":[{"href":"https:\/\/victoria.gob.ar\/en\/wp-json\/wp\/v2\/posts\/3151","targetHints":{"allow":["GET"]}}],"collection":[{"href":"https:\/\/victoria.gob.ar\/en\/wp-json\/wp\/v2\/posts"}],"about":[{"href":"https:\/\/victoria.gob.ar\/en\/wp-json\/wp\/v2\/types\/post"}],"author":[{"embeddable":true,"href":"https:\/\/victoria.gob.ar\/en\/wp-json\/wp\/v2\/users\/2"}],"replies":[{"embeddable":true,"href":"https:\/\/victoria.gob.ar\/en\/wp-json\/wp\/v2\/comments?post=3151"}],"version-history":[{"count":0,"href":"https:\/\/victoria.gob.ar\/en\/wp-json\/wp\/v2\/posts\/3151\/revisions"}],"wp:featuredmedia":[{"embeddable":true,"href":"https:\/\/victoria.gob.ar\/en\/wp-json\/wp\/v2\/media\/3152"}],"wp:attachment":[{"href":"https:\/\/victoria.gob.ar\/en\/wp-json\/wp\/v2\/media?parent=3151"}],"wp:term":[{"taxonomy":"category","embeddable":true,"href":"https:\/\/victoria.gob.ar\/en\/wp-json\/wp\/v2\/categories?post=3151"},{"taxonomy":"post_tag","embeddable":true,"href":"https:\/\/victoria.gob.ar\/en\/wp-json\/wp\/v2\/tags?post=3151"}],"curies":[{"name":"wp","href":"https:\/\/api.w.org\/{rel}","templated":true}]}}