{"id":3141,"date":"2025-10-08T14:10:35","date_gmt":"2025-10-08T14:10:35","guid":{"rendered":"http:\/\/victoria.gob.ar\/es\/mes-de-sensibilizacion-del-cancer-de-mama\/"},"modified":"2025-10-08T14:10:35","modified_gmt":"2025-10-08T14:10:35","slug":"mes-de-sensibilizacion-del-cancer-de-mama","status":"publish","type":"post","link":"https:\/\/victoria.gob.ar\/en\/mes-de-sensibilizacion-del-cancer-de-mama\/","title":{"rendered":"MES DE SENSIBILIZACI\u00d3N DEL C\u00c1NCER DE MAMA"},"content":{"rendered":"<p>Taller te\u00f3rico pr\u00e1ctico de exploraci\u00f3n mamaria.<\/p>\n<p><img decoding=\"async\" src=\"https:\/\/s.w.org\/images\/core\/emoji\/16.0.1\/72x72\/1f5d3.png\" alt=\"&#x1f5d3;\" class=\"wp-smiley\" \/> Martes 14\/10: <img decoding=\"async\" src=\"https:\/\/s.w.org\/images\/core\/emoji\/16.0.1\/72x72\/1f4cd.png\" alt=\"&#x1f4cd;\" class=\"wp-smiley\" \/> Plaza San Mart\u00edn, de <img decoding=\"async\" src=\"https:\/\/s.w.org\/images\/core\/emoji\/16.0.1\/72x72\/231a.png\" alt=\"&#x231a;\" class=\"wp-smiley\" \/> 10:00 a 12:00 h y de 16:00 a 18:00 h.<br \/><img decoding=\"async\" src=\"https:\/\/s.w.org\/images\/core\/emoji\/16.0.1\/72x72\/1f5d3.png\" alt=\"&#x1f5d3;\" class=\"wp-smiley\" \/> Martes 21\/10: <img decoding=\"async\" src=\"https:\/\/s.w.org\/images\/core\/emoji\/16.0.1\/72x72\/1f4cd.png\" alt=\"&#x1f4cd;\" class=\"wp-smiley\" \/> Plaza Moreno, de <img decoding=\"async\" src=\"https:\/\/s.w.org\/images\/core\/emoji\/16.0.1\/72x72\/231a.png\" alt=\"&#x231a;\" class=\"wp-smiley\" \/> 10:00 a 12:00 h y de 16:00 a 18:00 h.<br \/><img decoding=\"async\" src=\"https:\/\/s.w.org\/images\/core\/emoji\/16.0.1\/72x72\/1f5d3.png\" alt=\"&#x1f5d3;\" class=\"wp-smiley\" \/> Martes 28\/10: <img decoding=\"async\" src=\"https:\/\/s.w.org\/images\/core\/emoji\/16.0.1\/72x72\/1f4cd.png\" alt=\"&#x1f4cd;\" class=\"wp-smiley\" \/> Plaza Libertad, de <img decoding=\"async\" src=\"https:\/\/s.w.org\/images\/core\/emoji\/16.0.1\/72x72\/231a.png\" alt=\"&#x231a;\" class=\"wp-smiley\" \/> 10:00 a 12:00 h y de 16:00 a 18:00 h.<\/p>\n<figure class=\"wp-block-image size-large\"><img loading=\"lazy\" decoding=\"async\" width=\"819\" height=\"1024\" src=\"https:\/\/victoria.gob.ar\/prensa\/wp-content\/uploads\/2025\/10\/WhatsApp-Image-2025-10-07-at-11.17.54-819x1024.jpeg\" alt=\"\" class=\"wp-image-1916\" \/><\/figure>","protected":false},"excerpt":{"rendered":"<p>Taller te\u00f3rico pr\u00e1ctico de exploraci\u00f3n mamaria. Martes 14\/10: Plaza San Mart\u00edn, de 10:00 a 12:00 h y de 16:00 a 18:00 h. Martes 21\/10: Plaza Moreno, de 10:00 a 12:00 h y de 16:00 a 18:00 h. Martes 28\/10: Plaza Libertad, de 10:00 a 12:00 h y de 16:00 a 18:00 h.<\/p>","protected":false},"author":2,"featured_media":3142,"comment_status":"open","ping_status":"open","sticky":false,"template":"","format":"standard","meta":{"neve_meta_sidebar":"","neve_meta_container":"","neve_meta_enable_content_width":"","neve_meta_content_width":0,"neve_meta_title_alignment":"","neve_meta_author_avatar":"","neve_post_elements_order":"","neve_meta_disable_header":"","neve_meta_disable_footer":"","neve_meta_disable_title":"","footnotes":""},"categories":[1],"tags":[],"class_list":["post-3141","post","type-post","status-publish","format-standard","has-post-thumbnail","hentry","category-sin-categoria"],"_links":{"self":[{"href":"https:\/\/victoria.gob.ar\/en\/wp-json\/wp\/v2\/posts\/3141","targetHints":{"allow":["GET"]}}],"collection":[{"href":"https:\/\/victoria.gob.ar\/en\/wp-json\/wp\/v2\/posts"}],"about":[{"href":"https:\/\/victoria.gob.ar\/en\/wp-json\/wp\/v2\/types\/post"}],"author":[{"embeddable":true,"href":"https:\/\/victoria.gob.ar\/en\/wp-json\/wp\/v2\/users\/2"}],"replies":[{"embeddable":true,"href":"https:\/\/victoria.gob.ar\/en\/wp-json\/wp\/v2\/comments?post=3141"}],"version-history":[{"count":0,"href":"https:\/\/victoria.gob.ar\/en\/wp-json\/wp\/v2\/posts\/3141\/revisions"}],"wp:featuredmedia":[{"embeddable":true,"href":"https:\/\/victoria.gob.ar\/en\/wp-json\/wp\/v2\/media\/3142"}],"wp:attachment":[{"href":"https:\/\/victoria.gob.ar\/en\/wp-json\/wp\/v2\/media?parent=3141"}],"wp:term":[{"taxonomy":"category","embeddable":true,"href":"https:\/\/victoria.gob.ar\/en\/wp-json\/wp\/v2\/categories?post=3141"},{"taxonomy":"post_tag","embeddable":true,"href":"https:\/\/victoria.gob.ar\/en\/wp-json\/wp\/v2\/tags?post=3141"}],"curies":[{"name":"wp","href":"https:\/\/api.w.org\/{rel}","templated":true}]}}