{"id":3127,"date":"2025-10-07T12:49:05","date_gmt":"2025-10-07T12:49:05","guid":{"rendered":"http:\/\/victoria.gob.ar\/es\/convocatoria-abierta-a-muestra-artistica\/"},"modified":"2025-10-07T12:49:05","modified_gmt":"2025-10-07T12:49:05","slug":"convocatoria-abierta-a-muestra-artistica","status":"publish","type":"post","link":"https:\/\/victoria.gob.ar\/en\/convocatoria-abierta-a-muestra-artistica\/","title":{"rendered":"CONVOCATORIA ABIERTA A MUESTRA ART\u00cdSTICA"},"content":{"rendered":"<p>En el mes de la Salud Mental invitamos a la comunidad a ser parte de una muestra que refleje el rol del arte, la cultura y su relaci\u00f3n con la Salud Mental.<\/p>\n<p>Se aceptan obras bidimensionales de tama\u00f1o peque\u00f1o (fotograf\u00edas, pinturas, poemas, collages, etc.).<\/p>\n<p>Desde el 6 al 20 de octubre. Inscripciones al <img decoding=\"async\" src=\"https:\/\/s.w.org\/images\/core\/emoji\/16.0.1\/72x72\/1f4e7.png\" alt=\"&#x1f4e7;\" class=\"wp-smiley\" \/> correo electr\u00f3nico: saludmentalcomunitaria@victoria.gob.ar o al <img decoding=\"async\" src=\"https:\/\/s.w.org\/images\/core\/emoji\/16.0.1\/72x72\/1f4de.png\" alt=\"&#x1f4de;\" class=\"wp-smiley\" \/> 424584.<\/p>\n<figure class=\"wp-block-image size-large\"><img decoding=\"async\" loading=\"lazy\" width=\"819\" height=\"1024\" src=\"https:\/\/victoria.gob.ar\/prensa\/wp-content\/uploads\/2025\/10\/WhatsApp-Image-2025-10-06-at-13.31.53-1-819x1024.jpeg\" alt=\"\" class=\"wp-image-1883\" \/><\/figure>","protected":false},"excerpt":{"rendered":"<p>En el mes de la Salud Mental invitamos a la comunidad a ser parte de una muestra que refleje el rol del arte, la cultura y su relaci\u00f3n con la Salud Mental. Se aceptan obras bidimensionales de tama\u00f1o peque\u00f1o (fotograf\u00edas, pinturas, poemas, collages, etc.). Desde el 6 al 20 de octubre. Inscripciones al correo electr\u00f3nico:&hellip;&nbsp;<a href=\"https:\/\/victoria.gob.ar\/en\/convocatoria-abierta-a-muestra-artistica\/\" rel=\"bookmark\"><span class=\"screen-reader-text\">CONVOCATORIA ABIERTA A MUESTRA ART\u00cdSTICA<\/span><\/a><\/p>","protected":false},"author":2,"featured_media":3128,"comment_status":"open","ping_status":"open","sticky":false,"template":"","format":"standard","meta":{"neve_meta_sidebar":"","neve_meta_container":"","neve_meta_enable_content_width":"","neve_meta_content_width":0,"neve_meta_title_alignment":"","neve_meta_author_avatar":"","neve_post_elements_order":"","neve_meta_disable_header":"","neve_meta_disable_footer":"","neve_meta_disable_title":"","footnotes":""},"categories":[1],"tags":[],"class_list":["post-3127","post","type-post","status-publish","format-standard","has-post-thumbnail","hentry","category-sin-categoria"],"_links":{"self":[{"href":"https:\/\/victoria.gob.ar\/en\/wp-json\/wp\/v2\/posts\/3127","targetHints":{"allow":["GET"]}}],"collection":[{"href":"https:\/\/victoria.gob.ar\/en\/wp-json\/wp\/v2\/posts"}],"about":[{"href":"https:\/\/victoria.gob.ar\/en\/wp-json\/wp\/v2\/types\/post"}],"author":[{"embeddable":true,"href":"https:\/\/victoria.gob.ar\/en\/wp-json\/wp\/v2\/users\/2"}],"replies":[{"embeddable":true,"href":"https:\/\/victoria.gob.ar\/en\/wp-json\/wp\/v2\/comments?post=3127"}],"version-history":[{"count":0,"href":"https:\/\/victoria.gob.ar\/en\/wp-json\/wp\/v2\/posts\/3127\/revisions"}],"wp:featuredmedia":[{"embeddable":true,"href":"https:\/\/victoria.gob.ar\/en\/wp-json\/wp\/v2\/media\/3128"}],"wp:attachment":[{"href":"https:\/\/victoria.gob.ar\/en\/wp-json\/wp\/v2\/media?parent=3127"}],"wp:term":[{"taxonomy":"category","embeddable":true,"href":"https:\/\/victoria.gob.ar\/en\/wp-json\/wp\/v2\/categories?post=3127"},{"taxonomy":"post_tag","embeddable":true,"href":"https:\/\/victoria.gob.ar\/en\/wp-json\/wp\/v2\/tags?post=3127"}],"curies":[{"name":"wp","href":"https:\/\/api.w.org\/{rel}","templated":true}]}}