{"id":3125,"date":"2025-10-07T12:52:34","date_gmt":"2025-10-07T12:52:34","guid":{"rendered":"http:\/\/victoria.gob.ar\/es\/se-reconocio-a-los-ninos-que-participaron-en-el-libro-palabras-que-juegan\/"},"modified":"2025-10-07T12:52:34","modified_gmt":"2025-10-07T12:52:34","slug":"se-reconocio-a-los-ninos-que-participaron-en-el-libro-palabras-que-juegan","status":"publish","type":"post","link":"https:\/\/victoria.gob.ar\/en\/se-reconocio-a-los-ninos-que-participaron-en-el-libro-palabras-que-juegan\/","title":{"rendered":"SE RECONOCI\u00d3 A LOS NI\u00d1OS QUE PARTICIPARON EN EL LIBRO \u00abPALABRAS QUE JUEGAN\u00bb"},"content":{"rendered":"<p>La semana pasada en el Concejo Deliberante se entregaron los diplomas de reconocimiento a los ni\u00f1os que participaron del libro \u201cPalabras que Juegan\u201d, una iniciativa surgida en el marco de las celebraciones por el D\u00eda del Ni\u00f1o organizadas por la Municipalidad de Victoria.<\/p>\n<p>Durante aquella jornada, los chicos compartieron sus poemas sobre sus derechos y qu\u00e9 los hace felices, textos que luego fueron recopilados en un libro digital e impreso, del cual cada autor recibi\u00f3 su ejemplar.<\/p>\n<p>El libro \u201cPalabras que Juegan\u201d, declarado de inter\u00e9s cultural, est\u00e1 disponible en la Biblioteca Popular Municipal \u00abDomingo Faustino Sarmiento\u00bb y en la p\u00e1gina web de la Municipalidad de Victoria: https:\/\/victoria.gob.ar\/prensa\/palabras-que-juegan-poemas-escritos-por-los-mas-chicos-en-el-marco-del-dia-del-nino\/<\/p>\n<p><img decoding=\"async\" src=\"https:\/\/s.w.org\/images\/core\/emoji\/16.0.1\/72x72\/1fa75.png\" alt=\"&#x1fa75;\" class=\"wp-smiley\" \/> La municipalidad agradece a cada ni\u00f1o por su participaci\u00f3n y por regalarnos, con sus palabras, lo m\u00e1s valioso que tenemos: la voz y los sue\u00f1os de la infancia.<\/p>\n<figure class=\"wp-block-gallery has-nested-images columns-default is-cropped wp-block-gallery-2 is-layout-flex wp-block-gallery-is-layout-flex\">\n<figure class=\"wp-block-image size-large\"><img decoding=\"async\" loading=\"lazy\" width=\"1024\" height=\"682\" data-id=\"1887\" src=\"https:\/\/victoria.gob.ar\/prensa\/wp-content\/uploads\/2025\/10\/WhatsApp-Image-2025-10-06-at-20.17.17-1-1024x682.jpeg\" alt=\"\" class=\"wp-image-1887\" \/><\/figure>\n<figure class=\"wp-block-image size-large\"><img decoding=\"async\" loading=\"lazy\" width=\"1024\" height=\"682\" data-id=\"1888\" src=\"https:\/\/victoria.gob.ar\/prensa\/wp-content\/uploads\/2025\/10\/WhatsApp-Image-2025-10-06-at-20.17.17-1024x682.jpeg\" alt=\"\" class=\"wp-image-1888\" \/><\/figure>\n<figure class=\"wp-block-image size-large\"><img decoding=\"async\" loading=\"lazy\" width=\"1024\" height=\"682\" data-id=\"1894\" src=\"https:\/\/victoria.gob.ar\/prensa\/wp-content\/uploads\/2025\/10\/WhatsApp-Image-2025-10-06-at-20.17.16-2-1024x682.jpeg\" alt=\"\" class=\"wp-image-1894\" \/><\/figure>\n<figure class=\"wp-block-image size-large\"><img decoding=\"async\" loading=\"lazy\" width=\"1024\" height=\"682\" data-id=\"1886\" src=\"https:\/\/victoria.gob.ar\/prensa\/wp-content\/uploads\/2025\/10\/WhatsApp-Image-2025-10-06-at-20.17.16-1-1024x682.jpeg\" alt=\"\" class=\"wp-image-1886\" \/><\/figure>\n<figure class=\"wp-block-image size-large\"><img decoding=\"async\" loading=\"lazy\" width=\"1024\" height=\"682\" data-id=\"1897\" src=\"https:\/\/victoria.gob.ar\/prensa\/wp-content\/uploads\/2025\/10\/WhatsApp-Image-2025-10-06-at-20.17.16-1024x682.jpeg\" alt=\"\" class=\"wp-image-1897\" \/><\/figure>\n<figure class=\"wp-block-image size-large\"><img decoding=\"async\" loading=\"lazy\" width=\"1024\" height=\"682\" data-id=\"1896\" src=\"https:\/\/victoria.gob.ar\/prensa\/wp-content\/uploads\/2025\/10\/WhatsApp-Image-2025-10-06-at-20.17.15-3-1024x682.jpeg\" alt=\"\" class=\"wp-image-1896\" \/><\/figure>\n<figure class=\"wp-block-image size-large\"><img decoding=\"async\" loading=\"lazy\" width=\"1024\" height=\"682\" data-id=\"1898\" src=\"https:\/\/victoria.gob.ar\/prensa\/wp-content\/uploads\/2025\/10\/WhatsApp-Image-2025-10-06-at-20.17.15-2-1024x682.jpeg\" alt=\"\" class=\"wp-image-1898\" \/><\/figure>\n<figure class=\"wp-block-image size-large\"><img decoding=\"async\" loading=\"lazy\" width=\"1024\" height=\"682\" data-id=\"1893\" src=\"https:\/\/victoria.gob.ar\/prensa\/wp-content\/uploads\/2025\/10\/WhatsApp-Image-2025-10-06-at-20.17.15-1-1024x682.jpeg\" alt=\"\" class=\"wp-image-1893\" \/><\/figure>\n<figure class=\"wp-block-image size-large\"><img decoding=\"async\" loading=\"lazy\" width=\"1024\" height=\"682\" data-id=\"1889\" src=\"https:\/\/victoria.gob.ar\/prensa\/wp-content\/uploads\/2025\/10\/WhatsApp-Image-2025-10-06-at-20.17.15-1024x682.jpeg\" alt=\"\" class=\"wp-image-1889\" \/><\/figure>\n<figure class=\"wp-block-image size-large\"><img decoding=\"async\" loading=\"lazy\" width=\"1024\" height=\"682\" data-id=\"1891\" src=\"https:\/\/victoria.gob.ar\/prensa\/wp-content\/uploads\/2025\/10\/WhatsApp-Image-2025-10-06-at-20.17.14-2-1024x682.jpeg\" alt=\"\" class=\"wp-image-1891\" \/><\/figure>\n<figure class=\"wp-block-image size-large\"><img decoding=\"async\" loading=\"lazy\" width=\"1024\" height=\"682\" data-id=\"1890\" src=\"https:\/\/victoria.gob.ar\/prensa\/wp-content\/uploads\/2025\/10\/WhatsApp-Image-2025-10-06-at-20.17.14-1-1024x682.jpeg\" alt=\"\" class=\"wp-image-1890\" \/><\/figure>\n<figure class=\"wp-block-image size-large\"><img decoding=\"async\" loading=\"lazy\" width=\"1024\" height=\"682\" data-id=\"1895\" src=\"https:\/\/victoria.gob.ar\/prensa\/wp-content\/uploads\/2025\/10\/WhatsApp-Image-2025-10-06-at-20.17.14-1024x682.jpeg\" alt=\"\" class=\"wp-image-1895\" \/><\/figure>\n<figure class=\"wp-block-image size-large\"><img decoding=\"async\" loading=\"lazy\" width=\"1024\" height=\"682\" data-id=\"1892\" src=\"https:\/\/victoria.gob.ar\/prensa\/wp-content\/uploads\/2025\/10\/WhatsApp-Image-2025-10-06-at-20.17.13-1-1024x682.jpeg\" alt=\"\" class=\"wp-image-1892\" \/><\/figure>\n<figure class=\"wp-block-image size-large\"><img decoding=\"async\" loading=\"lazy\" width=\"1024\" height=\"682\" data-id=\"1900\" src=\"https:\/\/victoria.gob.ar\/prensa\/wp-content\/uploads\/2025\/10\/WhatsApp-Image-2025-10-06-at-20.17.13-2-1024x682.jpeg\" alt=\"\" class=\"wp-image-1900\" \/><\/figure>\n<\/figure>","protected":false},"excerpt":{"rendered":"<p>La semana pasada en el Concejo Deliberante se entregaron los diplomas de reconocimiento a los ni\u00f1os que participaron del libro \u201cPalabras que Juegan\u201d, una iniciativa surgida en el marco de las celebraciones por el D\u00eda del Ni\u00f1o organizadas por la Municipalidad de Victoria. Durante aquella jornada, los chicos compartieron sus poemas sobre sus derechos y&hellip;&nbsp;<a href=\"https:\/\/victoria.gob.ar\/en\/se-reconocio-a-los-ninos-que-participaron-en-el-libro-palabras-que-juegan\/\" rel=\"bookmark\"><span class=\"screen-reader-text\">SE RECONOCI\u00d3 A LOS NI\u00d1OS QUE PARTICIPARON EN EL LIBRO \u00abPALABRAS QUE JUEGAN\u00bb<\/span><\/a><\/p>","protected":false},"author":2,"featured_media":3126,"comment_status":"open","ping_status":"open","sticky":false,"template":"","format":"standard","meta":{"neve_meta_sidebar":"","neve_meta_container":"","neve_meta_enable_content_width":"","neve_meta_content_width":0,"neve_meta_title_alignment":"","neve_meta_author_avatar":"","neve_post_elements_order":"","neve_meta_disable_header":"","neve_meta_disable_footer":"","neve_meta_disable_title":"","footnotes":""},"categories":[1],"tags":[],"class_list":["post-3125","post","type-post","status-publish","format-standard","has-post-thumbnail","hentry","category-sin-categoria"],"_links":{"self":[{"href":"https:\/\/victoria.gob.ar\/en\/wp-json\/wp\/v2\/posts\/3125","targetHints":{"allow":["GET"]}}],"collection":[{"href":"https:\/\/victoria.gob.ar\/en\/wp-json\/wp\/v2\/posts"}],"about":[{"href":"https:\/\/victoria.gob.ar\/en\/wp-json\/wp\/v2\/types\/post"}],"author":[{"embeddable":true,"href":"https:\/\/victoria.gob.ar\/en\/wp-json\/wp\/v2\/users\/2"}],"replies":[{"embeddable":true,"href":"https:\/\/victoria.gob.ar\/en\/wp-json\/wp\/v2\/comments?post=3125"}],"version-history":[{"count":0,"href":"https:\/\/victoria.gob.ar\/en\/wp-json\/wp\/v2\/posts\/3125\/revisions"}],"wp:featuredmedia":[{"embeddable":true,"href":"https:\/\/victoria.gob.ar\/en\/wp-json\/wp\/v2\/media\/3126"}],"wp:attachment":[{"href":"https:\/\/victoria.gob.ar\/en\/wp-json\/wp\/v2\/media?parent=3125"}],"wp:term":[{"taxonomy":"category","embeddable":true,"href":"https:\/\/victoria.gob.ar\/en\/wp-json\/wp\/v2\/categories?post=3125"},{"taxonomy":"post_tag","embeddable":true,"href":"https:\/\/victoria.gob.ar\/en\/wp-json\/wp\/v2\/tags?post=3125"}],"curies":[{"name":"wp","href":"https:\/\/api.w.org\/{rel}","templated":true}]}}