{"id":3119,"date":"2025-10-04T14:44:40","date_gmt":"2025-10-04T14:44:40","guid":{"rendered":"http:\/\/victoria.gob.ar\/es\/celebrando-nuestras-tradiciones\/"},"modified":"2025-10-04T14:44:40","modified_gmt":"2025-10-04T14:44:40","slug":"celebrando-nuestras-tradiciones","status":"publish","type":"post","link":"https:\/\/victoria.gob.ar\/en\/celebrando-nuestras-tradiciones\/","title":{"rendered":"CELEBRANDO NUESTRAS TRADICIONES"},"content":{"rendered":"<p>Nuestra presidente municipal, Isa Castagnino, particip\u00f3 hoy del desfile de agrupaciones tradicionalistas <img decoding=\"async\" src=\"https:\/\/s.w.org\/images\/core\/emoji\/16.0.1\/72x72\/1f1e6-1f1f7.png\" alt=\"&#x1f1e6;&#x1f1f7;\" class=\"wp-smiley\" \/>.<br \/>Fue una jornada llena de emoci\u00f3n, respeto y orgullo por nuestras costumbres.<br \/>Se entregaron reconocimientos en Plaza San Mart\u00edn y se compartieron momentos que nos recuerdan la fuerza de nuestras ra\u00edces.<br \/>Honrar nuestras tradiciones es mantener viva la historia y el coraz\u00f3n de nuestra comunidad <img decoding=\"async\" src=\"https:\/\/s.w.org\/images\/core\/emoji\/16.0.1\/72x72\/1fa75.png\" alt=\"&#x1fa75;\" class=\"wp-smiley\" \/>.<\/p>\n<p><img decoding=\"async\" src=\"https:\/\/s.w.org\/images\/core\/emoji\/16.0.1\/72x72\/1f517.png\" alt=\"&#x1f517;\" class=\"wp-smiley\" \/> Mir\u00e1 todas las fotos a trav\u00e9s del siguiente enlace: <\/p>\n<p><a class=\"wp-block-read-more\" href=\"https:\/\/victoria.gob.ar\/prensa\/celebrando-nuestras-tradiciones\/\" target=\"_self\">https:\/\/photos.app.goo.gl\/Fm3WFqpJ2kSHycYF6<span class=\"screen-reader-text\">: CELEBRANDO NUESTRAS TRADICIONES<\/span><\/a><\/p>\n<figure class=\"wp-block-gallery has-nested-images columns-default is-cropped wp-block-gallery-3 is-layout-flex wp-block-gallery-is-layout-flex\">\n<figure class=\"wp-block-image size-large\"><img decoding=\"async\" loading=\"lazy\" width=\"1024\" height=\"682\" data-id=\"1845\" src=\"https:\/\/victoria.gob.ar\/prensa\/wp-content\/uploads\/2025\/10\/WhatsApp-Image-2025-10-04-at-21.44.36-1024x682.jpeg\" alt=\"\" class=\"wp-image-1845\" \/><\/figure>\n<figure class=\"wp-block-image size-large\"><img decoding=\"async\" loading=\"lazy\" width=\"1024\" height=\"682\" data-id=\"1847\" src=\"https:\/\/victoria.gob.ar\/prensa\/wp-content\/uploads\/2025\/10\/WhatsApp-Image-2025-10-04-at-21.44.33-1024x682.jpeg\" alt=\"\" class=\"wp-image-1847\" \/><\/figure>\n<figure class=\"wp-block-image size-large\"><img decoding=\"async\" loading=\"lazy\" width=\"1024\" height=\"682\" data-id=\"1848\" src=\"https:\/\/victoria.gob.ar\/prensa\/wp-content\/uploads\/2025\/10\/WhatsApp-Image-2025-10-04-at-21.43.48-1-1024x682.jpeg\" alt=\"\" class=\"wp-image-1848\" \/><\/figure>\n<figure class=\"wp-block-image size-large\"><img decoding=\"async\" loading=\"lazy\" width=\"1024\" height=\"682\" data-id=\"1857\" src=\"https:\/\/victoria.gob.ar\/prensa\/wp-content\/uploads\/2025\/10\/WhatsApp-Image-2025-10-04-at-21.43.48-1024x682.jpeg\" alt=\"\" class=\"wp-image-1857\" \/><\/figure>\n<figure class=\"wp-block-image size-large\"><img decoding=\"async\" loading=\"lazy\" width=\"1024\" height=\"682\" data-id=\"1853\" src=\"https:\/\/victoria.gob.ar\/prensa\/wp-content\/uploads\/2025\/10\/WhatsApp-Image-2025-10-04-at-21.43.42-1024x682.jpeg\" alt=\"\" class=\"wp-image-1853\" \/><\/figure>\n<figure class=\"wp-block-image size-large\"><img decoding=\"async\" loading=\"lazy\" width=\"1024\" height=\"682\" data-id=\"1851\" src=\"https:\/\/victoria.gob.ar\/prensa\/wp-content\/uploads\/2025\/10\/WhatsApp-Image-2025-10-04-at-21.43.39-1024x682.jpeg\" alt=\"\" class=\"wp-image-1851\" \/><\/figure>\n<figure class=\"wp-block-image size-large\"><img decoding=\"async\" loading=\"lazy\" width=\"1024\" height=\"682\" data-id=\"1849\" src=\"https:\/\/victoria.gob.ar\/prensa\/wp-content\/uploads\/2025\/10\/WhatsApp-Image-2025-10-04-at-21.43.33-1024x682.jpeg\" alt=\"\" class=\"wp-image-1849\" \/><\/figure>\n<figure class=\"wp-block-image size-large\"><img decoding=\"async\" loading=\"lazy\" width=\"1024\" height=\"682\" data-id=\"1846\" src=\"https:\/\/victoria.gob.ar\/prensa\/wp-content\/uploads\/2025\/10\/WhatsApp-Image-2025-10-04-at-21.43.22-1-1024x682.jpeg\" alt=\"\" class=\"wp-image-1846\" \/><\/figure>\n<figure class=\"wp-block-image size-large\"><img decoding=\"async\" loading=\"lazy\" width=\"1024\" height=\"682\" data-id=\"1852\" src=\"https:\/\/victoria.gob.ar\/prensa\/wp-content\/uploads\/2025\/10\/WhatsApp-Image-2025-10-04-at-21.43.22-1024x682.jpeg\" alt=\"\" class=\"wp-image-1852\" \/><\/figure>\n<figure class=\"wp-block-image size-large\"><img decoding=\"async\" loading=\"lazy\" width=\"1024\" height=\"683\" data-id=\"1855\" src=\"https:\/\/victoria.gob.ar\/prensa\/wp-content\/uploads\/2025\/10\/WhatsApp-Image-2025-10-04-at-21.43.21-1024x683.jpeg\" alt=\"\" class=\"wp-image-1855\" \/><\/figure>\n<figure class=\"wp-block-image size-large\"><img decoding=\"async\" loading=\"lazy\" width=\"1024\" height=\"682\" data-id=\"1858\" src=\"https:\/\/victoria.gob.ar\/prensa\/wp-content\/uploads\/2025\/10\/WhatsApp-Image-2025-10-04-at-21.43.20-1024x682.jpeg\" alt=\"\" class=\"wp-image-1858\" \/><\/figure>\n<figure class=\"wp-block-image size-large\"><img decoding=\"async\" loading=\"lazy\" width=\"1024\" height=\"683\" data-id=\"1861\" src=\"https:\/\/victoria.gob.ar\/prensa\/wp-content\/uploads\/2025\/10\/WhatsApp-Image-2025-10-04-at-21.43.19-1024x683.jpeg\" alt=\"\" class=\"wp-image-1861\" \/><\/figure>\n<figure class=\"wp-block-image size-large\"><img decoding=\"async\" loading=\"lazy\" width=\"1024\" height=\"535\" data-id=\"1863\" src=\"https:\/\/victoria.gob.ar\/prensa\/wp-content\/uploads\/2025\/10\/victoria-limpia-S2-1024x535.png\" alt=\"\" class=\"wp-image-1863\" \/><\/figure>\n<figure class=\"wp-block-image size-large\"><img decoding=\"async\" loading=\"lazy\" width=\"1024\" height=\"682\" data-id=\"1854\" src=\"https:\/\/victoria.gob.ar\/prensa\/wp-content\/uploads\/2025\/10\/WhatsApp-Image-2025-10-04-at-21.44.36-copia-1024x682.jpeg\" alt=\"\" class=\"wp-image-1854\" \/><\/figure>\n<figure class=\"wp-block-image size-large\"><img decoding=\"async\" loading=\"lazy\" width=\"1024\" height=\"682\" data-id=\"1860\" src=\"https:\/\/victoria.gob.ar\/prensa\/wp-content\/uploads\/2025\/10\/WhatsApp-Image-2025-10-04-at-21.44.33-copia-1024x682.jpeg\" alt=\"\" class=\"wp-image-1860\" \/><\/figure>\n<figure class=\"wp-block-image size-large\"><img decoding=\"async\" loading=\"lazy\" width=\"1024\" height=\"682\" data-id=\"1856\" src=\"https:\/\/victoria.gob.ar\/prensa\/wp-content\/uploads\/2025\/10\/WhatsApp-Image-2025-10-04-at-21.43.48-1-copia-1024x682.jpeg\" alt=\"\" class=\"wp-image-1856\" \/><\/figure>\n<figure class=\"wp-block-image size-large\"><img decoding=\"async\" loading=\"lazy\" width=\"1024\" height=\"682\" data-id=\"1859\" src=\"https:\/\/victoria.gob.ar\/prensa\/wp-content\/uploads\/2025\/10\/WhatsApp-Image-2025-10-04-at-21.43.48-copia-1024x682.jpeg\" alt=\"\" class=\"wp-image-1859\" \/><\/figure>\n<figure class=\"wp-block-image size-large\"><img decoding=\"async\" loading=\"lazy\" width=\"1024\" height=\"682\" data-id=\"1850\" src=\"https:\/\/victoria.gob.ar\/prensa\/wp-content\/uploads\/2025\/10\/WhatsApp-Image-2025-10-04-at-21.43.22-1-copia-1024x682.jpeg\" alt=\"\" class=\"wp-image-1850\" \/><\/figure>\n<\/figure>","protected":false},"excerpt":{"rendered":"<p>Nuestra presidente municipal, Isa Castagnino, particip\u00f3 hoy del desfile de agrupaciones tradicionalistas .Fue una jornada llena de emoci\u00f3n, respeto y orgullo por nuestras costumbres.Se entregaron reconocimientos en Plaza San Mart\u00edn y se compartieron momentos que nos recuerdan la fuerza de nuestras ra\u00edces.Honrar nuestras tradiciones es mantener viva la historia y el coraz\u00f3n de nuestra comunidad&hellip;&nbsp;<a href=\"https:\/\/victoria.gob.ar\/en\/celebrando-nuestras-tradiciones\/\" rel=\"bookmark\"><span class=\"screen-reader-text\">CELEBRANDO NUESTRAS TRADICIONES<\/span><\/a><\/p>","protected":false},"author":2,"featured_media":3120,"comment_status":"open","ping_status":"open","sticky":false,"template":"","format":"standard","meta":{"neve_meta_sidebar":"","neve_meta_container":"","neve_meta_enable_content_width":"","neve_meta_content_width":0,"neve_meta_title_alignment":"","neve_meta_author_avatar":"","neve_post_elements_order":"","neve_meta_disable_header":"","neve_meta_disable_footer":"","neve_meta_disable_title":"","footnotes":""},"categories":[1],"tags":[],"class_list":["post-3119","post","type-post","status-publish","format-standard","has-post-thumbnail","hentry","category-sin-categoria"],"_links":{"self":[{"href":"https:\/\/victoria.gob.ar\/en\/wp-json\/wp\/v2\/posts\/3119","targetHints":{"allow":["GET"]}}],"collection":[{"href":"https:\/\/victoria.gob.ar\/en\/wp-json\/wp\/v2\/posts"}],"about":[{"href":"https:\/\/victoria.gob.ar\/en\/wp-json\/wp\/v2\/types\/post"}],"author":[{"embeddable":true,"href":"https:\/\/victoria.gob.ar\/en\/wp-json\/wp\/v2\/users\/2"}],"replies":[{"embeddable":true,"href":"https:\/\/victoria.gob.ar\/en\/wp-json\/wp\/v2\/comments?post=3119"}],"version-history":[{"count":0,"href":"https:\/\/victoria.gob.ar\/en\/wp-json\/wp\/v2\/posts\/3119\/revisions"}],"wp:featuredmedia":[{"embeddable":true,"href":"https:\/\/victoria.gob.ar\/en\/wp-json\/wp\/v2\/media\/3120"}],"wp:attachment":[{"href":"https:\/\/victoria.gob.ar\/en\/wp-json\/wp\/v2\/media?parent=3119"}],"wp:term":[{"taxonomy":"category","embeddable":true,"href":"https:\/\/victoria.gob.ar\/en\/wp-json\/wp\/v2\/categories?post=3119"},{"taxonomy":"post_tag","embeddable":true,"href":"https:\/\/victoria.gob.ar\/en\/wp-json\/wp\/v2\/tags?post=3119"}],"curies":[{"name":"wp","href":"https:\/\/api.w.org\/{rel}","templated":true}]}}