{"id":3117,"date":"2025-10-06T14:49:19","date_gmt":"2025-10-06T14:49:19","guid":{"rendered":"http:\/\/victoria.gob.ar\/es\/expo-victoria-2025\/"},"modified":"2025-10-06T14:49:19","modified_gmt":"2025-10-06T14:49:19","slug":"expo-victoria-2025","status":"publish","type":"post","link":"https:\/\/victoria.gob.ar\/en\/expo-victoria-2025\/","title":{"rendered":"EXPO VICTORIA 2025"},"content":{"rendered":"<p>Nuestra intendente, Isa Castagnino, particip\u00f3 ayer del acto inaugural de la Expo Victoria 2025.<br \/>En el evento, la municipalidad cont\u00f3 con un puesto informativo de servicios, un sector dedicado a la promoci\u00f3n tur\u00edstica y acompa\u00f1\u00f3 a productores locales. Adem\u00e1s, nuestra Banda Municipal \u201cSebasti\u00e1n Ingrao\u201d tambi\u00e9n estuvo presente.<\/p>\n<figure class=\"wp-block-gallery has-nested-images columns-default is-cropped wp-block-gallery-2 is-layout-flex wp-block-gallery-is-layout-flex\">\n<figure class=\"wp-block-image size-large\"><img decoding=\"async\" loading=\"lazy\" width=\"1024\" height=\"682\" data-id=\"1869\" src=\"https:\/\/victoria.gob.ar\/prensa\/wp-content\/uploads\/2025\/10\/WhatsApp-Image-2025-10-06-at-09.47.01-1-1024x682.jpeg\" alt=\"\" class=\"wp-image-1869\" \/><\/figure>\n<figure class=\"wp-block-image size-large\"><img decoding=\"async\" loading=\"lazy\" width=\"1024\" height=\"682\" data-id=\"1871\" src=\"https:\/\/victoria.gob.ar\/prensa\/wp-content\/uploads\/2025\/10\/WhatsApp-Image-2025-10-06-at-09.47.01-1024x682.jpeg\" alt=\"\" class=\"wp-image-1871\" \/><\/figure>\n<figure class=\"wp-block-image size-large\"><img decoding=\"async\" loading=\"lazy\" width=\"1024\" height=\"682\" data-id=\"1868\" src=\"https:\/\/victoria.gob.ar\/prensa\/wp-content\/uploads\/2025\/10\/WhatsApp-Image-2025-10-06-at-09.47.00-2-1024x682.jpeg\" alt=\"\" class=\"wp-image-1868\" \/><\/figure>\n<figure class=\"wp-block-image size-large\"><img decoding=\"async\" loading=\"lazy\" width=\"1024\" height=\"682\" data-id=\"1870\" src=\"https:\/\/victoria.gob.ar\/prensa\/wp-content\/uploads\/2025\/10\/WhatsApp-Image-2025-10-06-at-09.47.00-1-1024x682.jpeg\" alt=\"\" class=\"wp-image-1870\" \/><\/figure>\n<figure class=\"wp-block-image size-large\"><img decoding=\"async\" loading=\"lazy\" width=\"1024\" height=\"682\" data-id=\"1867\" src=\"https:\/\/victoria.gob.ar\/prensa\/wp-content\/uploads\/2025\/10\/WhatsApp-Image-2025-10-06-at-09.47.00-1024x682.jpeg\" alt=\"\" class=\"wp-image-1867\" \/><\/figure>\n<\/figure>","protected":false},"excerpt":{"rendered":"<p>Nuestra intendente, Isa Castagnino, particip\u00f3 ayer del acto inaugural de la Expo Victoria 2025.En el evento, la municipalidad cont\u00f3 con un puesto informativo de servicios, un sector dedicado a la promoci\u00f3n tur\u00edstica y acompa\u00f1\u00f3 a productores locales. Adem\u00e1s, nuestra Banda Municipal \u201cSebasti\u00e1n Ingrao\u201d tambi\u00e9n estuvo presente.<\/p>","protected":false},"author":2,"featured_media":3118,"comment_status":"open","ping_status":"open","sticky":false,"template":"","format":"standard","meta":{"neve_meta_sidebar":"","neve_meta_container":"","neve_meta_enable_content_width":"","neve_meta_content_width":0,"neve_meta_title_alignment":"","neve_meta_author_avatar":"","neve_post_elements_order":"","neve_meta_disable_header":"","neve_meta_disable_footer":"","neve_meta_disable_title":"","footnotes":""},"categories":[1],"tags":[],"class_list":["post-3117","post","type-post","status-publish","format-standard","has-post-thumbnail","hentry","category-sin-categoria"],"_links":{"self":[{"href":"https:\/\/victoria.gob.ar\/en\/wp-json\/wp\/v2\/posts\/3117","targetHints":{"allow":["GET"]}}],"collection":[{"href":"https:\/\/victoria.gob.ar\/en\/wp-json\/wp\/v2\/posts"}],"about":[{"href":"https:\/\/victoria.gob.ar\/en\/wp-json\/wp\/v2\/types\/post"}],"author":[{"embeddable":true,"href":"https:\/\/victoria.gob.ar\/en\/wp-json\/wp\/v2\/users\/2"}],"replies":[{"embeddable":true,"href":"https:\/\/victoria.gob.ar\/en\/wp-json\/wp\/v2\/comments?post=3117"}],"version-history":[{"count":0,"href":"https:\/\/victoria.gob.ar\/en\/wp-json\/wp\/v2\/posts\/3117\/revisions"}],"wp:featuredmedia":[{"embeddable":true,"href":"https:\/\/victoria.gob.ar\/en\/wp-json\/wp\/v2\/media\/3118"}],"wp:attachment":[{"href":"https:\/\/victoria.gob.ar\/en\/wp-json\/wp\/v2\/media?parent=3117"}],"wp:term":[{"taxonomy":"category","embeddable":true,"href":"https:\/\/victoria.gob.ar\/en\/wp-json\/wp\/v2\/categories?post=3117"},{"taxonomy":"post_tag","embeddable":true,"href":"https:\/\/victoria.gob.ar\/en\/wp-json\/wp\/v2\/tags?post=3117"}],"curies":[{"name":"wp","href":"https:\/\/api.w.org\/{rel}","templated":true}]}}