{"id":3092,"date":"2025-09-30T13:34:21","date_gmt":"2025-09-30T13:34:21","guid":{"rendered":"http:\/\/victoria.gob.ar\/es\/orgullo-victoriense-%f0%9f%8f%86\/"},"modified":"2025-09-30T13:34:21","modified_gmt":"2025-09-30T13:34:21","slug":"orgullo-victoriense-%f0%9f%8f%86","status":"publish","type":"post","link":"https:\/\/victoria.gob.ar\/en\/orgullo-victoriense-%f0%9f%8f%86\/","title":{"rendered":"ORGULLO VICTORIENSE &#x1f3c6;"},"content":{"rendered":"<p>La Municipalidad de Victoria felicita a Juan Manuel Chiesa, becado por nuestra gesti\u00f3n deportiva, quien se consagr\u00f3 campe\u00f3n en el Torneo Nacional de Menores de la Asociaci\u00f3n Argentina de P\u00e1del (FAP), disputado en Tandil los d\u00edas 26, 27 y 28 de septiembre.<\/p>\n<p>Junto a su compa\u00f1ero Maxi Castro, de la ciudad de Figueras, se coronaron en la categor\u00eda Sub 18 libre (2da, 3ra y 4ta), en un certamen que reuni\u00f3 a representantes de todo el pa\u00eds: Chubut, Santa Fe, Buenos Aires, C\u00f3rdoba, Chaco, Entre R\u00edos, San Luis, Mendoza y La Pampa.<\/p>\n<p>Reconocemos y celebramos el esfuerzo, la dedicaci\u00f3n y el compromiso de nuestros j\u00f3venes deportistas, que llevan con orgullo la bandera de Victoria a lo m\u00e1s alto.<\/p>\n<figure class=\"wp-block-gallery has-nested-images columns-default is-cropped wp-block-gallery-3 is-layout-flex wp-block-gallery-is-layout-flex\">\n<figure class=\"wp-block-image size-large\"><img decoding=\"async\" loading=\"lazy\" width=\"768\" height=\"1024\" data-id=\"1820\" src=\"https:\/\/victoria.gob.ar\/prensa\/wp-content\/uploads\/2025\/10\/WhatsApp-Image-2025-09-30-at-11.37.33-1-768x1024.jpeg\" alt=\"\" class=\"wp-image-1820\" \/><\/figure>\n<figure class=\"wp-block-image size-large\"><img decoding=\"async\" loading=\"lazy\" width=\"888\" height=\"1024\" data-id=\"1821\" src=\"https:\/\/victoria.gob.ar\/prensa\/wp-content\/uploads\/2025\/10\/WhatsApp-Image-2025-09-30-at-11.37.33-888x1024.jpeg\" alt=\"\" class=\"wp-image-1821\" \/><\/figure>\n<\/figure>","protected":false},"excerpt":{"rendered":"<p>La Municipalidad de Victoria felicita a Juan Manuel Chiesa, becado por nuestra gesti\u00f3n deportiva, quien se consagr\u00f3 campe\u00f3n en el Torneo Nacional de Menores de la Asociaci\u00f3n Argentina de P\u00e1del (FAP), disputado en Tandil los d\u00edas 26, 27 y 28 de septiembre. Junto a su compa\u00f1ero Maxi Castro, de la ciudad de Figueras, se coronaron&hellip;&nbsp;<a href=\"https:\/\/victoria.gob.ar\/en\/orgullo-victoriense-%f0%9f%8f%86\/\" rel=\"bookmark\"><span class=\"screen-reader-text\">ORGULLO VICTORIENSE &#x1f3c6;<\/span><\/a><\/p>","protected":false},"author":2,"featured_media":3093,"comment_status":"open","ping_status":"open","sticky":false,"template":"","format":"standard","meta":{"neve_meta_sidebar":"","neve_meta_container":"","neve_meta_enable_content_width":"","neve_meta_content_width":0,"neve_meta_title_alignment":"","neve_meta_author_avatar":"","neve_post_elements_order":"","neve_meta_disable_header":"","neve_meta_disable_footer":"","neve_meta_disable_title":"","footnotes":""},"categories":[1],"tags":[],"class_list":["post-3092","post","type-post","status-publish","format-standard","has-post-thumbnail","hentry","category-sin-categoria"],"_links":{"self":[{"href":"https:\/\/victoria.gob.ar\/en\/wp-json\/wp\/v2\/posts\/3092","targetHints":{"allow":["GET"]}}],"collection":[{"href":"https:\/\/victoria.gob.ar\/en\/wp-json\/wp\/v2\/posts"}],"about":[{"href":"https:\/\/victoria.gob.ar\/en\/wp-json\/wp\/v2\/types\/post"}],"author":[{"embeddable":true,"href":"https:\/\/victoria.gob.ar\/en\/wp-json\/wp\/v2\/users\/2"}],"replies":[{"embeddable":true,"href":"https:\/\/victoria.gob.ar\/en\/wp-json\/wp\/v2\/comments?post=3092"}],"version-history":[{"count":0,"href":"https:\/\/victoria.gob.ar\/en\/wp-json\/wp\/v2\/posts\/3092\/revisions"}],"wp:featuredmedia":[{"embeddable":true,"href":"https:\/\/victoria.gob.ar\/en\/wp-json\/wp\/v2\/media\/3093"}],"wp:attachment":[{"href":"https:\/\/victoria.gob.ar\/en\/wp-json\/wp\/v2\/media?parent=3092"}],"wp:term":[{"taxonomy":"category","embeddable":true,"href":"https:\/\/victoria.gob.ar\/en\/wp-json\/wp\/v2\/categories?post=3092"},{"taxonomy":"post_tag","embeddable":true,"href":"https:\/\/victoria.gob.ar\/en\/wp-json\/wp\/v2\/tags?post=3092"}],"curies":[{"name":"wp","href":"https:\/\/api.w.org\/{rel}","templated":true}]}}