{"id":3071,"date":"2025-09-25T12:40:48","date_gmt":"2025-09-25T12:40:48","guid":{"rendered":"https:\/\/victoria.gob.ar\/es\/avanzan-las-obras-viales-%f0%9f%9a%a7\/"},"modified":"2025-09-25T12:40:48","modified_gmt":"2025-09-25T12:40:48","slug":"avanzan-las-obras-viales-%f0%9f%9a%a7","status":"publish","type":"post","link":"https:\/\/victoria.gob.ar\/en\/avanzan-las-obras-viales-%f0%9f%9a%a7\/","title":{"rendered":"AVANZAN LAS OBRAS VIALES &#x1f6a7;"},"content":{"rendered":"<p>Esta semana, la Municipalidad de Victoria progresa en:<\/p>\n<ul class=\"wp-block-list\">\n<li>Preparaci\u00f3n de calle para asfaltado en Florencio Varela, entre Per\u00f3n y Mitre.<\/li>\n<li>Hormigonado de losas en Urquiza (entre Laprida y Bartoloni) y en Ab\u00e1solo (entre Sarmiento y Congreso).<\/li>\n<li>Cord\u00f3n cuneta en Matheu y Moreno; Pringles y Sola; y Piaggio y Varela.<\/li>\n<li>Extensi\u00f3n de la red cloacal en Larrea, entre Cuneo y Bv. Rivadavia.<\/li>\n<li>Construcci\u00f3n de vereda en Bv. Rivadavia.<\/li>\n<\/ul>\n<p>Victoria, #MiCiudadQuerida <img decoding=\"async\" src=\"https:\/\/s.w.org\/images\/core\/emoji\/16.0.1\/72x72\/1fa75.png\" alt=\"&#x1fa75;\" class=\"wp-smiley\"\/><\/p>\n<figure class=\"wp-block-gallery has-nested-images columns-default is-cropped wp-block-gallery-3 is-layout-flex wp-block-gallery-is-layout-flex\">\n<figure class=\"wp-block-image size-large\"><img decoding=\"async\" loading=\"lazy\" width=\"1024\" height=\"682\" data-id=\"1783\" src=\"https:\/\/victoria.gob.ar\/prensa\/wp-content\/uploads\/2025\/09\/WhatsApp-Image-2025-09-24-at-19.55.38-1024x682.jpeg\" alt=\"\" class=\"wp-image-1783\"\/><\/figure>\n<figure class=\"wp-block-image size-large\"><img decoding=\"async\" loading=\"lazy\" width=\"1024\" height=\"682\" data-id=\"1785\" src=\"https:\/\/victoria.gob.ar\/prensa\/wp-content\/uploads\/2025\/09\/WhatsApp-Image-2025-09-24-at-19.55.37-2-1024x682.jpeg\" alt=\"\" class=\"wp-image-1785\"\/><\/figure>\n<figure class=\"wp-block-image size-large\"><img decoding=\"async\" loading=\"lazy\" width=\"1024\" height=\"682\" data-id=\"1788\" src=\"https:\/\/victoria.gob.ar\/prensa\/wp-content\/uploads\/2025\/09\/WhatsApp-Image-2025-09-24-at-19.55.37-1-1024x682.jpeg\" alt=\"\" class=\"wp-image-1788\"\/><\/figure>\n<figure class=\"wp-block-image size-large\"><img decoding=\"async\" loading=\"lazy\" width=\"1024\" height=\"682\" data-id=\"1782\" src=\"https:\/\/victoria.gob.ar\/prensa\/wp-content\/uploads\/2025\/09\/WhatsApp-Image-2025-09-24-at-19.55.37-1024x682.jpeg\" alt=\"\" class=\"wp-image-1782\"\/><\/figure>\n<figure class=\"wp-block-image size-large\"><img decoding=\"async\" loading=\"lazy\" width=\"1024\" height=\"682\" data-id=\"1780\" src=\"https:\/\/victoria.gob.ar\/prensa\/wp-content\/uploads\/2025\/09\/WhatsApp-Image-2025-09-24-at-19.55.36-3-1024x682.jpeg\" alt=\"\" class=\"wp-image-1780\"\/><\/figure>\n<figure class=\"wp-block-image size-large\"><img decoding=\"async\" loading=\"lazy\" width=\"1024\" height=\"682\" data-id=\"1786\" src=\"https:\/\/victoria.gob.ar\/prensa\/wp-content\/uploads\/2025\/09\/WhatsApp-Image-2025-09-24-at-19.55.36-2-1024x682.jpeg\" alt=\"\" class=\"wp-image-1786\"\/><\/figure>\n<figure class=\"wp-block-image size-large\"><img decoding=\"async\" loading=\"lazy\" width=\"1024\" height=\"682\" data-id=\"1781\" src=\"https:\/\/victoria.gob.ar\/prensa\/wp-content\/uploads\/2025\/09\/WhatsApp-Image-2025-09-24-at-19.55.36-1-1024x682.jpeg\" alt=\"\" class=\"wp-image-1781\"\/><\/figure>\n<figure class=\"wp-block-image size-large\"><img decoding=\"async\" loading=\"lazy\" width=\"1024\" height=\"682\" data-id=\"1784\" src=\"https:\/\/victoria.gob.ar\/prensa\/wp-content\/uploads\/2025\/09\/WhatsApp-Image-2025-09-24-at-19.55.36-1024x682.jpeg\" alt=\"\" class=\"wp-image-1784\"\/><\/figure>\n<\/figure>","protected":false},"excerpt":{"rendered":"<p>Esta semana, la Municipalidad de Victoria progresa en: Preparaci\u00f3n de calle para asfaltado en Florencio Varela, entre Per\u00f3n y Mitre. Hormigonado de losas en Urquiza (entre Laprida y Bartoloni) y en Ab\u00e1solo (entre Sarmiento y Congreso). Cord\u00f3n cuneta en Matheu y Moreno; Pringles y Sola; y Piaggio y Varela. Extensi\u00f3n de la red cloacal en&hellip;&nbsp;<a href=\"https:\/\/victoria.gob.ar\/en\/avanzan-las-obras-viales-%f0%9f%9a%a7\/\" rel=\"bookmark\"><span class=\"screen-reader-text\">AVANZAN LAS OBRAS VIALES &#x1f6a7;<\/span><\/a><\/p>","protected":false},"author":2,"featured_media":3072,"comment_status":"open","ping_status":"open","sticky":false,"template":"","format":"standard","meta":{"neve_meta_sidebar":"","neve_meta_container":"","neve_meta_enable_content_width":"","neve_meta_content_width":0,"neve_meta_title_alignment":"","neve_meta_author_avatar":"","neve_post_elements_order":"","neve_meta_disable_header":"","neve_meta_disable_footer":"","neve_meta_disable_title":"","footnotes":""},"categories":[1],"tags":[],"class_list":["post-3071","post","type-post","status-publish","format-standard","has-post-thumbnail","hentry","category-sin-categoria"],"_links":{"self":[{"href":"https:\/\/victoria.gob.ar\/en\/wp-json\/wp\/v2\/posts\/3071","targetHints":{"allow":["GET"]}}],"collection":[{"href":"https:\/\/victoria.gob.ar\/en\/wp-json\/wp\/v2\/posts"}],"about":[{"href":"https:\/\/victoria.gob.ar\/en\/wp-json\/wp\/v2\/types\/post"}],"author":[{"embeddable":true,"href":"https:\/\/victoria.gob.ar\/en\/wp-json\/wp\/v2\/users\/2"}],"replies":[{"embeddable":true,"href":"https:\/\/victoria.gob.ar\/en\/wp-json\/wp\/v2\/comments?post=3071"}],"version-history":[{"count":0,"href":"https:\/\/victoria.gob.ar\/en\/wp-json\/wp\/v2\/posts\/3071\/revisions"}],"wp:featuredmedia":[{"embeddable":true,"href":"https:\/\/victoria.gob.ar\/en\/wp-json\/wp\/v2\/media\/3072"}],"wp:attachment":[{"href":"https:\/\/victoria.gob.ar\/en\/wp-json\/wp\/v2\/media?parent=3071"}],"wp:term":[{"taxonomy":"category","embeddable":true,"href":"https:\/\/victoria.gob.ar\/en\/wp-json\/wp\/v2\/categories?post=3071"},{"taxonomy":"post_tag","embeddable":true,"href":"https:\/\/victoria.gob.ar\/en\/wp-json\/wp\/v2\/tags?post=3071"}],"curies":[{"name":"wp","href":"https:\/\/api.w.org\/{rel}","templated":true}]}}