{"id":3067,"date":"2025-09-25T13:01:25","date_gmt":"2025-09-25T13:01:25","guid":{"rendered":"https:\/\/victoria.gob.ar\/es\/el-primer-cuartel-se-vistio-de-primavera-%f0%9f%8c%bc\/"},"modified":"2025-09-25T13:01:25","modified_gmt":"2025-09-25T13:01:25","slug":"el-primer-cuartel-se-vistio-de-primavera-%f0%9f%8c%bc","status":"publish","type":"post","link":"https:\/\/victoria.gob.ar\/en\/el-primer-cuartel-se-vistio-de-primavera-%f0%9f%8c%bc\/","title":{"rendered":"EL PRIMER CUARTEL SE VISTI\u00d3 DE PRIMAVERA &#x1f33c;"},"content":{"rendered":"<p>Hoy la Municipalidad de Victoria celebr\u00f3 la llegada de la primavera en el Centro Deportivo y Social \u201cMalvinas Argentinas\u201d, con una tarde llena de juegos, actividades y sonrisas para los m\u00e1s chicos del barrio.<\/p>\n<p>De 15:00 a 17:00 h se comparti\u00f3 una jornada especial pensada para los ni\u00f1os, disfrutando en comunidad y reafirmando el compromiso municipal de seguir generando espacios de encuentro y recreaci\u00f3n para todas las familias victorienses.<\/p>\n<p><img decoding=\"async\" src=\"https:\/\/s.w.org\/images\/core\/emoji\/16.0.1\/72x72\/1f4f8.png\" alt=\"&#x1f4f8;\" class=\"wp-smiley\"\/> Mir\u00e1 todas las fotos a trav\u00e9s del siguiente enlace: https:\/\/photos.app.goo.gl\/BTEnQcp59U7FhJTx9<\/p>\n<figure class=\"wp-block-gallery has-nested-images columns-default is-cropped wp-block-gallery-1 is-layout-flex wp-block-gallery-is-layout-flex\">\n<figure class=\"wp-block-image size-large\"><img loading=\"lazy\" decoding=\"async\" width=\"1024\" height=\"682\" data-id=\"1802\" src=\"https:\/\/victoria.gob.ar\/prensa\/wp-content\/uploads\/2025\/09\/WhatsApp-Image-2025-09-25-at-21.36.41-1-1024x682.jpeg\" alt=\"\" class=\"wp-image-1802\"\/><\/figure>\n<figure class=\"wp-block-image size-large\"><img loading=\"lazy\" decoding=\"async\" width=\"1024\" height=\"682\" data-id=\"1804\" src=\"https:\/\/victoria.gob.ar\/prensa\/wp-content\/uploads\/2025\/09\/WhatsApp-Image-2025-09-25-at-21.36.41-1024x682.jpeg\" alt=\"\" class=\"wp-image-1804\"\/><\/figure>\n<figure class=\"wp-block-image size-large\"><img loading=\"lazy\" decoding=\"async\" width=\"1024\" height=\"682\" data-id=\"1814\" src=\"https:\/\/victoria.gob.ar\/prensa\/wp-content\/uploads\/2025\/09\/WhatsApp-Image-2025-09-25-at-21.36.14-1024x682.jpeg\" alt=\"\" class=\"wp-image-1814\"\/><\/figure>\n<figure class=\"wp-block-image size-large\"><img decoding=\"async\" loading=\"lazy\" width=\"1024\" height=\"682\" data-id=\"1811\" src=\"https:\/\/victoria.gob.ar\/prensa\/wp-content\/uploads\/2025\/09\/WhatsApp-Image-2025-09-25-at-21.36.13-1024x682.jpeg\" alt=\"\" class=\"wp-image-1811\"\/><\/figure>\n<figure class=\"wp-block-image size-large\"><img decoding=\"async\" loading=\"lazy\" width=\"1024\" height=\"683\" data-id=\"1803\" src=\"https:\/\/victoria.gob.ar\/prensa\/wp-content\/uploads\/2025\/09\/WhatsApp-Image-2025-09-25-at-21.36.12-1024x683.jpeg\" alt=\"\" class=\"wp-image-1803\"\/><\/figure>\n<figure class=\"wp-block-image size-large\"><img decoding=\"async\" loading=\"lazy\" width=\"1024\" height=\"682\" data-id=\"1805\" src=\"https:\/\/victoria.gob.ar\/prensa\/wp-content\/uploads\/2025\/09\/WhatsApp-Image-2025-09-25-at-21.36.11-2-1024x682.jpeg\" alt=\"\" class=\"wp-image-1805\"\/><\/figure>\n<figure class=\"wp-block-image size-large\"><img decoding=\"async\" loading=\"lazy\" width=\"1024\" height=\"683\" data-id=\"1808\" src=\"https:\/\/victoria.gob.ar\/prensa\/wp-content\/uploads\/2025\/09\/WhatsApp-Image-2025-09-25-at-21.36.11-1-1024x683.jpeg\" alt=\"\" class=\"wp-image-1808\"\/><\/figure>\n<figure class=\"wp-block-image size-large\"><img decoding=\"async\" loading=\"lazy\" width=\"1024\" height=\"682\" data-id=\"1806\" src=\"https:\/\/victoria.gob.ar\/prensa\/wp-content\/uploads\/2025\/09\/WhatsApp-Image-2025-09-25-at-21.36.11-1024x682.jpeg\" alt=\"\" class=\"wp-image-1806\"\/><\/figure>\n<figure class=\"wp-block-image size-large\"><img decoding=\"async\" loading=\"lazy\" width=\"1024\" height=\"682\" data-id=\"1815\" src=\"https:\/\/victoria.gob.ar\/prensa\/wp-content\/uploads\/2025\/09\/WhatsApp-Image-2025-09-25-at-21.36.10-1-1024x682.jpeg\" alt=\"\" class=\"wp-image-1815\"\/><\/figure>\n<figure class=\"wp-block-image size-large\"><img decoding=\"async\" loading=\"lazy\" width=\"1024\" height=\"682\" data-id=\"1812\" src=\"https:\/\/victoria.gob.ar\/prensa\/wp-content\/uploads\/2025\/09\/WhatsApp-Image-2025-09-25-at-21.36.10-1024x682.jpeg\" alt=\"\" class=\"wp-image-1812\"\/><\/figure>\n<figure class=\"wp-block-image size-large\"><img decoding=\"async\" loading=\"lazy\" width=\"1024\" height=\"682\" data-id=\"1807\" src=\"https:\/\/victoria.gob.ar\/prensa\/wp-content\/uploads\/2025\/09\/WhatsApp-Image-2025-09-25-at-21.36.08-1-1024x682.jpeg\" alt=\"\" class=\"wp-image-1807\"\/><\/figure>\n<figure class=\"wp-block-image size-large\"><img decoding=\"async\" loading=\"lazy\" width=\"1024\" height=\"682\" data-id=\"1813\" src=\"https:\/\/victoria.gob.ar\/prensa\/wp-content\/uploads\/2025\/09\/WhatsApp-Image-2025-09-25-at-21.36.08-1024x682.jpeg\" alt=\"\" class=\"wp-image-1813\"\/><\/figure>\n<figure class=\"wp-block-image size-large\"><img decoding=\"async\" loading=\"lazy\" width=\"1024\" height=\"682\" data-id=\"1810\" src=\"https:\/\/victoria.gob.ar\/prensa\/wp-content\/uploads\/2025\/09\/WhatsApp-Image-2025-09-25-at-21.36.07-1-1024x682.jpeg\" alt=\"\" class=\"wp-image-1810\"\/><\/figure>\n<figure class=\"wp-block-image size-large\"><img decoding=\"async\" loading=\"lazy\" width=\"1024\" height=\"683\" data-id=\"1809\" src=\"https:\/\/victoria.gob.ar\/prensa\/wp-content\/uploads\/2025\/09\/WhatsApp-Image-2025-09-25-at-21.36.07-1024x683.jpeg\" alt=\"\" class=\"wp-image-1809\"\/><\/figure>\n<\/figure>","protected":false},"excerpt":{"rendered":"<p>Hoy la Municipalidad de Victoria celebr\u00f3 la llegada de la primavera en el Centro Deportivo y Social \u201cMalvinas Argentinas\u201d, con una tarde llena de juegos, actividades y sonrisas para los m\u00e1s chicos del barrio. De 15:00 a 17:00 h se comparti\u00f3 una jornada especial pensada para los ni\u00f1os, disfrutando en comunidad y reafirmando el compromiso&hellip;&nbsp;<a href=\"https:\/\/victoria.gob.ar\/en\/el-primer-cuartel-se-vistio-de-primavera-%f0%9f%8c%bc\/\" rel=\"bookmark\"><span class=\"screen-reader-text\">EL PRIMER CUARTEL SE VISTI\u00d3 DE PRIMAVERA &#x1f33c;<\/span><\/a><\/p>","protected":false},"author":2,"featured_media":3068,"comment_status":"open","ping_status":"open","sticky":false,"template":"","format":"standard","meta":{"neve_meta_sidebar":"","neve_meta_container":"","neve_meta_enable_content_width":"","neve_meta_content_width":0,"neve_meta_title_alignment":"","neve_meta_author_avatar":"","neve_post_elements_order":"","neve_meta_disable_header":"","neve_meta_disable_footer":"","neve_meta_disable_title":"","footnotes":""},"categories":[1],"tags":[],"class_list":["post-3067","post","type-post","status-publish","format-standard","has-post-thumbnail","hentry","category-sin-categoria"],"_links":{"self":[{"href":"https:\/\/victoria.gob.ar\/en\/wp-json\/wp\/v2\/posts\/3067","targetHints":{"allow":["GET"]}}],"collection":[{"href":"https:\/\/victoria.gob.ar\/en\/wp-json\/wp\/v2\/posts"}],"about":[{"href":"https:\/\/victoria.gob.ar\/en\/wp-json\/wp\/v2\/types\/post"}],"author":[{"embeddable":true,"href":"https:\/\/victoria.gob.ar\/en\/wp-json\/wp\/v2\/users\/2"}],"replies":[{"embeddable":true,"href":"https:\/\/victoria.gob.ar\/en\/wp-json\/wp\/v2\/comments?post=3067"}],"version-history":[{"count":0,"href":"https:\/\/victoria.gob.ar\/en\/wp-json\/wp\/v2\/posts\/3067\/revisions"}],"wp:featuredmedia":[{"embeddable":true,"href":"https:\/\/victoria.gob.ar\/en\/wp-json\/wp\/v2\/media\/3068"}],"wp:attachment":[{"href":"https:\/\/victoria.gob.ar\/en\/wp-json\/wp\/v2\/media?parent=3067"}],"wp:term":[{"taxonomy":"category","embeddable":true,"href":"https:\/\/victoria.gob.ar\/en\/wp-json\/wp\/v2\/categories?post=3067"},{"taxonomy":"post_tag","embeddable":true,"href":"https:\/\/victoria.gob.ar\/en\/wp-json\/wp\/v2\/tags?post=3067"}],"curies":[{"name":"wp","href":"https:\/\/api.w.org\/{rel}","templated":true}]}}