{"id":3049,"date":"2025-09-22T15:12:52","date_gmt":"2025-09-22T15:12:52","guid":{"rendered":"https:\/\/victoria.gob.ar\/es\/la-municipalidad-de-victoria-sigue-avanzando-con-obras-en-distintos-puntos-de-la-ciudad-%f0%9f%9a%a7\/"},"modified":"2025-09-22T15:12:52","modified_gmt":"2025-09-22T15:12:52","slug":"la-municipalidad-de-victoria-sigue-avanzando-con-obras-en-distintos-puntos-de-la-ciudad-%f0%9f%9a%a7","status":"publish","type":"post","link":"https:\/\/victoria.gob.ar\/en\/la-municipalidad-de-victoria-sigue-avanzando-con-obras-en-distintos-puntos-de-la-ciudad-%f0%9f%9a%a7\/","title":{"rendered":"LA MUNICIPALIDAD DE VICTORIA SIGUE AVANZANDO CON OBRAS EN DISTINTOS PUNTOS DE LA CIUDAD &#x1f6a7;"},"content":{"rendered":"<p>Durante estos d\u00edas la municipalidad contin\u00faa trabajando en la recuperaci\u00f3n y mantenimiento de calles, reparaci\u00f3n de p\u00e9rdidas de agua, mejoras en plazas y ejecuci\u00f3n de obras viales necesarias para los barrios de Victoria:<\/p>\n<p><img decoding=\"async\" src=\"https:\/\/s.w.org\/images\/core\/emoji\/16.0.1\/72x72\/2705.png\" alt=\"&#x2705;\" class=\"wp-smiley\"\/> Reconstrucci\u00f3n de losas y bacheo<br \/>Espa\u00f1a y Per\u00f3n: losa reconstruida y hormigonado parcial para no cortar el tr\u00e1nsito.<br \/>Italia y Suipacha: hormigonado de losa tras reparaci\u00f3n de ca\u00f1o maestro.<br \/>Calle Congreso (entre Bv. Lavalle y L\u00f3pez Jord\u00e1n): bacheo en distintos puntos por nuevas conexiones y reparaciones.<br \/>Reparaci\u00f3n de importante p\u00e9rdida en calle Urquiza, entre Laprida y Bartoloni.<\/p>\n<p><img decoding=\"async\" src=\"https:\/\/s.w.org\/images\/core\/emoji\/16.0.1\/72x72\/2705.png\" alt=\"&#x2705;\" class=\"wp-smiley\"\/> Mantenimiento y repaso de calles<br \/>Primer Cuartel: zona canchita 8 de Octubre y comisar\u00eda suburbio.<br \/>Quinto Cuartel: Los Italianos, Diagonal Otegui, Los Pescadores, Stratta, Capurro, N\u00e9stor Kirchner y alrededores.<br \/>Continuaci\u00f3n Rawson, 9 de Julio y accesos a las Termas.<br \/>Matheu y Liniers (entre San Miguel y Yapey\u00fa), adem\u00e1s de otras calles deterioradas por las lluvias.<\/p>\n<p><img decoding=\"async\" src=\"https:\/\/s.w.org\/images\/core\/emoji\/16.0.1\/72x72\/2705.png\" alt=\"&#x2705;\" class=\"wp-smiley\"\/> Obras y mejoras en barrios<br \/>Barrio Abad\u00eda: limpieza de tanque de agua y recuperaci\u00f3n de calles.<br \/>Barrio Arenal: instalaci\u00f3n de m\u00e1stil y nuevo espacio familiar para completar el proyecto de Presupuesto Participativo (play\u00f3n deportivo, cancha y juegos).<\/p>\n<p><img decoding=\"async\" src=\"https:\/\/s.w.org\/images\/core\/emoji\/16.0.1\/72x72\/2705.png\" alt=\"&#x2705;\" class=\"wp-smiley\"\/> Infraestructura y servicios<br \/>Desag\u00fces pluviales en Avda. Costanera para evitar acumulaci\u00f3n de agua.<br \/>Destape de ca\u00f1er\u00edas de cloacas en Montenegro (entre Congreso y Avda. Centenario).<br \/>Readecuaci\u00f3n de calles y cord\u00f3n cuneta en Segundo Cuartel (Matheu, Cnel. Su\u00e1rez, Sgto. G\u00f3mez).<br \/>Estas obras se suman a los trabajos de bacheo en Bv. Moreno, Av. Yrigoyen y, en estos d\u00edas, sobre calle Congreso.<\/p>\n<p>La municipalidad sigue trabajando, paso a paso, en la mejora de cada barrio, con el compromiso de atender las necesidades de los victorienses.<\/p>\n<figure class=\"wp-block-gallery has-nested-images columns-default is-cropped wp-block-gallery-1 is-layout-flex wp-block-gallery-is-layout-flex\">\n<figure class=\"wp-block-image size-large\"><img decoding=\"async\" loading=\"lazy\" width=\"1024\" height=\"682\" data-id=\"1752\" src=\"https:\/\/victoria.gob.ar\/prensa\/wp-content\/uploads\/2025\/09\/WhatsApp-Image-2025-09-19-at-10.06.34-1024x682.jpeg\" alt=\"\" class=\"wp-image-1752\"\/><\/figure>\n<figure class=\"wp-block-image size-large\"><img decoding=\"async\" loading=\"lazy\" width=\"1024\" height=\"682\" data-id=\"1754\" src=\"https:\/\/victoria.gob.ar\/prensa\/wp-content\/uploads\/2025\/09\/WhatsApp-Image-2025-09-19-at-10.06.33-2-1024x682.jpeg\" alt=\"\" class=\"wp-image-1754\"\/><\/figure>\n<figure class=\"wp-block-image size-large\"><img decoding=\"async\" loading=\"lazy\" width=\"1024\" height=\"682\" data-id=\"1751\" src=\"https:\/\/victoria.gob.ar\/prensa\/wp-content\/uploads\/2025\/09\/WhatsApp-Image-2025-09-19-at-10.06.33-1-1024x682.jpeg\" alt=\"\" class=\"wp-image-1751\"\/><\/figure>\n<figure class=\"wp-block-image size-large\"><img decoding=\"async\" loading=\"lazy\" width=\"1024\" height=\"682\" data-id=\"1753\" src=\"https:\/\/victoria.gob.ar\/prensa\/wp-content\/uploads\/2025\/09\/WhatsApp-Image-2025-09-19-at-10.06.33-1024x682.jpeg\" alt=\"\" class=\"wp-image-1753\"\/><\/figure>\n<\/figure>","protected":false},"excerpt":{"rendered":"<p>Durante estos d\u00edas la municipalidad contin\u00faa trabajando en la recuperaci\u00f3n y mantenimiento de calles, reparaci\u00f3n de p\u00e9rdidas de agua, mejoras en plazas y ejecuci\u00f3n de obras viales necesarias para los barrios de Victoria: Reconstrucci\u00f3n de losas y bacheoEspa\u00f1a y Per\u00f3n: losa reconstruida y hormigonado parcial para no cortar el tr\u00e1nsito.Italia y Suipacha: hormigonado de losa&hellip;&nbsp;<a href=\"https:\/\/victoria.gob.ar\/en\/la-municipalidad-de-victoria-sigue-avanzando-con-obras-en-distintos-puntos-de-la-ciudad-%f0%9f%9a%a7\/\" rel=\"bookmark\"><span class=\"screen-reader-text\">LA MUNICIPALIDAD DE VICTORIA SIGUE AVANZANDO CON OBRAS EN DISTINTOS PUNTOS DE LA CIUDAD &#x1f6a7;<\/span><\/a><\/p>","protected":false},"author":2,"featured_media":3050,"comment_status":"open","ping_status":"open","sticky":false,"template":"","format":"standard","meta":{"neve_meta_sidebar":"","neve_meta_container":"","neve_meta_enable_content_width":"","neve_meta_content_width":0,"neve_meta_title_alignment":"","neve_meta_author_avatar":"","neve_post_elements_order":"","neve_meta_disable_header":"","neve_meta_disable_footer":"","neve_meta_disable_title":"","footnotes":""},"categories":[1],"tags":[],"class_list":["post-3049","post","type-post","status-publish","format-standard","has-post-thumbnail","hentry","category-sin-categoria"],"_links":{"self":[{"href":"https:\/\/victoria.gob.ar\/en\/wp-json\/wp\/v2\/posts\/3049","targetHints":{"allow":["GET"]}}],"collection":[{"href":"https:\/\/victoria.gob.ar\/en\/wp-json\/wp\/v2\/posts"}],"about":[{"href":"https:\/\/victoria.gob.ar\/en\/wp-json\/wp\/v2\/types\/post"}],"author":[{"embeddable":true,"href":"https:\/\/victoria.gob.ar\/en\/wp-json\/wp\/v2\/users\/2"}],"replies":[{"embeddable":true,"href":"https:\/\/victoria.gob.ar\/en\/wp-json\/wp\/v2\/comments?post=3049"}],"version-history":[{"count":0,"href":"https:\/\/victoria.gob.ar\/en\/wp-json\/wp\/v2\/posts\/3049\/revisions"}],"wp:featuredmedia":[{"embeddable":true,"href":"https:\/\/victoria.gob.ar\/en\/wp-json\/wp\/v2\/media\/3050"}],"wp:attachment":[{"href":"https:\/\/victoria.gob.ar\/en\/wp-json\/wp\/v2\/media?parent=3049"}],"wp:term":[{"taxonomy":"category","embeddable":true,"href":"https:\/\/victoria.gob.ar\/en\/wp-json\/wp\/v2\/categories?post=3049"},{"taxonomy":"post_tag","embeddable":true,"href":"https:\/\/victoria.gob.ar\/en\/wp-json\/wp\/v2\/tags?post=3049"}],"curies":[{"name":"wp","href":"https:\/\/api.w.org\/{rel}","templated":true}]}}