{"id":3043,"date":"2025-09-22T15:16:55","date_gmt":"2025-09-22T15:16:55","guid":{"rendered":"https:\/\/victoria.gob.ar\/es\/maraton-de-lectura-en-victoria\/"},"modified":"2025-09-22T15:16:55","modified_gmt":"2025-09-22T15:16:55","slug":"maraton-de-lectura-en-victoria","status":"publish","type":"post","link":"https:\/\/victoria.gob.ar\/en\/maraton-de-lectura-en-victoria\/","title":{"rendered":"MARAT\u00d3N DE LECTURA EN VICTORIA"},"content":{"rendered":"<p><img decoding=\"async\" src=\"https:\/\/s.w.org\/images\/core\/emoji\/16.0.1\/72x72\/1f4c5.png\" alt=\"&#x1f4c5;\" class=\"wp-smiley\"\/> Viernes 26 de septiembre<br \/><img decoding=\"async\" src=\"https:\/\/s.w.org\/images\/core\/emoji\/16.0.1\/72x72\/1f558.png\" alt=\"&#x1f558;\" class=\"wp-smiley\"\/> 09:00 a 11:00 h<br \/><img decoding=\"async\" src=\"https:\/\/s.w.org\/images\/core\/emoji\/16.0.1\/72x72\/1f551.png\" alt=\"&#x1f551;\" class=\"wp-smiley\"\/> 14:00 a 16:00 h<br \/><img decoding=\"async\" src=\"https:\/\/s.w.org\/images\/core\/emoji\/16.0.1\/72x72\/1f4cd.png\" alt=\"&#x1f4cd;\" class=\"wp-smiley\"\/> Plaza San Mart\u00edn<\/p>\n<p>Actividades abiertas a todo p\u00fablico:<\/p>\n<p>Postas de lectura tem\u00e1ticas<br \/>Ambientaciones teatrales<br \/>Taller creativo: invent\u00e1 tu propio villano<br \/>M\u00e1scaras de villanos<\/p>\n<p>Sumate a celebrar la lectura en comunidad.<\/p>\n<figure class=\"wp-block-image size-large\"><img loading=\"lazy\" decoding=\"async\" width=\"819\" height=\"1024\" src=\"https:\/\/victoria.gob.ar\/prensa\/wp-content\/uploads\/2025\/09\/WhatsApp-Image-2025-09-22-at-08.42.36-819x1024.jpeg\" alt=\"\" class=\"wp-image-1764\"\/><\/figure>","protected":false},"excerpt":{"rendered":"<p>Viernes 26 de septiembre 09:00 a 11:00 h 14:00 a 16:00 h Plaza San Mart\u00edn Actividades abiertas a todo p\u00fablico: Postas de lectura tem\u00e1ticasAmbientaciones teatralesTaller creativo: invent\u00e1 tu propio villanoM\u00e1scaras de villanos Sumate a celebrar la lectura en comunidad.<\/p>","protected":false},"author":2,"featured_media":3044,"comment_status":"open","ping_status":"open","sticky":false,"template":"","format":"standard","meta":{"neve_meta_sidebar":"","neve_meta_container":"","neve_meta_enable_content_width":"","neve_meta_content_width":0,"neve_meta_title_alignment":"","neve_meta_author_avatar":"","neve_post_elements_order":"","neve_meta_disable_header":"","neve_meta_disable_footer":"","neve_meta_disable_title":"","footnotes":""},"categories":[1],"tags":[],"class_list":["post-3043","post","type-post","status-publish","format-standard","has-post-thumbnail","hentry","category-sin-categoria"],"_links":{"self":[{"href":"https:\/\/victoria.gob.ar\/en\/wp-json\/wp\/v2\/posts\/3043","targetHints":{"allow":["GET"]}}],"collection":[{"href":"https:\/\/victoria.gob.ar\/en\/wp-json\/wp\/v2\/posts"}],"about":[{"href":"https:\/\/victoria.gob.ar\/en\/wp-json\/wp\/v2\/types\/post"}],"author":[{"embeddable":true,"href":"https:\/\/victoria.gob.ar\/en\/wp-json\/wp\/v2\/users\/2"}],"replies":[{"embeddable":true,"href":"https:\/\/victoria.gob.ar\/en\/wp-json\/wp\/v2\/comments?post=3043"}],"version-history":[{"count":0,"href":"https:\/\/victoria.gob.ar\/en\/wp-json\/wp\/v2\/posts\/3043\/revisions"}],"wp:featuredmedia":[{"embeddable":true,"href":"https:\/\/victoria.gob.ar\/en\/wp-json\/wp\/v2\/media\/3044"}],"wp:attachment":[{"href":"https:\/\/victoria.gob.ar\/en\/wp-json\/wp\/v2\/media?parent=3043"}],"wp:term":[{"taxonomy":"category","embeddable":true,"href":"https:\/\/victoria.gob.ar\/en\/wp-json\/wp\/v2\/categories?post=3043"},{"taxonomy":"post_tag","embeddable":true,"href":"https:\/\/victoria.gob.ar\/en\/wp-json\/wp\/v2\/tags?post=3043"}],"curies":[{"name":"wp","href":"https:\/\/api.w.org\/{rel}","templated":true}]}}