{"id":3039,"date":"2025-09-17T12:15:56","date_gmt":"2025-09-17T12:15:56","guid":{"rendered":"http:\/\/victoria.gob.ar\/es\/taller-emprende-con-proposito-descubri-tu-potencial\/"},"modified":"2025-09-17T12:15:56","modified_gmt":"2025-09-17T12:15:56","slug":"taller-emprende-con-proposito-descubri-tu-potencial","status":"publish","type":"post","link":"https:\/\/victoria.gob.ar\/en\/taller-emprende-con-proposito-descubri-tu-potencial\/","title":{"rendered":"TALLER EMPREND\u00c9 CON PROP\u00d3SITO: DESCUBR\u00cd TU POTENCIAL"},"content":{"rendered":"<p><img decoding=\"async\" src=\"https:\/\/s.w.org\/images\/core\/emoji\/16.0.1\/72x72\/1f4c5.png\" alt=\"&#x1f4c5;\" class=\"wp-smiley\" \/> Fecha: Mi\u00e9rcoles 29 de octubre de 2025<\/p>\n<p><img decoding=\"async\" src=\"https:\/\/s.w.org\/images\/core\/emoji\/16.0.1\/72x72\/1f4cd.png\" alt=\"&#x1f4cd;\" class=\"wp-smiley\" \/> Lugar y horario: Cine Teatro Victoria, de 09:30 a 11:30 h<\/p>\n<p><img decoding=\"async\" src=\"https:\/\/s.w.org\/images\/core\/emoji\/16.0.1\/72x72\/23f0.png\" alt=\"&#x23f0;\" class=\"wp-smiley\" \/> Duraci\u00f3n: 2 horas<\/p>\n<p>Este taller cuenta con el apoyo de:<\/p>\n<ul class=\"wp-block-list\">\n<li>La Organizaci\u00f3n Internacional para la Educaci\u00f3n Permanente.<\/li>\n<li>La C\u00e1mara Argentina para la Formaci\u00f3n Profesional y la Capacitaci\u00f3n Laboral<\/li>\n<li>La Municipalidad de Victoria<\/li>\n<\/ul>\n<p><img decoding=\"async\" src=\"https:\/\/s.w.org\/images\/core\/emoji\/16.0.1\/72x72\/1f464.png\" alt=\"&#x1f464;\" class=\"wp-smiley\" \/> Disertante: Luciano A. Zeballos<\/p>\n<ul class=\"wp-block-list\">\n<li>T\u00e9cnico Superior en Turismo (Mat. COPROTUER Nro. 079).<\/li>\n<li>Docente.<\/li>\n<li>Especialista en Pol. y Gesti\u00f3n Estrat\u00e9gica del Turismo Accesible.<\/li>\n<li>Gestor de redes y Comunicaci\u00f3n Digital.<\/li>\n<li>CEO del Centro Global Training.<\/li>\n<\/ul>\n<p><img decoding=\"async\" src=\"https:\/\/s.w.org\/images\/core\/emoji\/16.0.1\/72x72\/1f50e.png\" alt=\"&#x1f50e;\" class=\"wp-smiley\" \/> \u00bfDe qu\u00e9 se trata el taller?<br \/>Emprender con prop\u00f3sito es una experiencia que conecta tus talentos, pasiones y valores con proyectos viables que generen impacto positivo. A trav\u00e9s de din\u00e1micas participativas y herramientas pr\u00e1cticas, vas a poder descubrir tu prop\u00f3sito y transformarlo en el motor de un emprendimiento aut\u00e9ntico.<\/p>\n<p><img decoding=\"async\" src=\"https:\/\/s.w.org\/images\/core\/emoji\/16.0.1\/72x72\/2728.png\" alt=\"&#x2728;\" class=\"wp-smiley\" \/> Destinado a: j\u00f3venes y adultos interesados en emprender o iniciar proyectos propios, alineados con lo que realmente les apasiona.<\/p>\n<p><img decoding=\"async\" src=\"https:\/\/s.w.org\/images\/core\/emoji\/16.0.1\/72x72\/1f517.png\" alt=\"&#x1f517;\" class=\"wp-smiley\" \/> Inscribite ac\u00e1: https:\/\/forms.gle\/3dxRyGmUoTkPfYyP8<\/p>\n<p><img decoding=\"async\" src=\"https:\/\/s.w.org\/images\/core\/emoji\/16.0.1\/72x72\/1f4c4.png\" alt=\"&#x1f4c4;\" class=\"wp-smiley\" \/> Ver el programa completo del taller: https:\/\/drive.google.com\/file\/d\/1vNBSmNTZ8C-SJkkeUFpRiwae23ekSWQZ\/view?usp=drive_link<\/p>\n<p>\u00a1Los cupos son limitados!<\/p>\n<p>Una vez que completes la inscripci\u00f3n, te llegar\u00e1 un mail de confirmaci\u00f3n con todos los detalles.<\/p>\n<p>Gracias por sumarte a esta propuesta que busca inspirar y generar impacto positivo.<\/p>\n<figure class=\"wp-block-image size-large\"><img decoding=\"async\" loading=\"lazy\" width=\"819\" height=\"1024\" src=\"https:\/\/victoria.gob.ar\/prensa\/wp-content\/uploads\/2025\/09\/WhatsApp-Image-2025-09-15-at-21.00.23-1-819x1024.jpeg\" alt=\"\" class=\"wp-image-1706\" \/><\/figure>","protected":false},"excerpt":{"rendered":"<p>Fecha: Mi\u00e9rcoles 29 de octubre de 2025 Lugar y horario: Cine Teatro Victoria, de 09:30 a 11:30 h Duraci\u00f3n: 2 horas Este taller cuenta con el apoyo de: La Organizaci\u00f3n Internacional para la Educaci\u00f3n Permanente. La C\u00e1mara Argentina para la Formaci\u00f3n Profesional y la Capacitaci\u00f3n Laboral La Municipalidad de Victoria Disertante: Luciano A. Zeballos T\u00e9cnico&hellip;&nbsp;<a href=\"https:\/\/victoria.gob.ar\/en\/taller-emprende-con-proposito-descubri-tu-potencial\/\" rel=\"bookmark\"><span class=\"screen-reader-text\">TALLER EMPREND\u00c9 CON PROP\u00d3SITO: DESCUBR\u00cd TU POTENCIAL<\/span><\/a><\/p>","protected":false},"author":2,"featured_media":3040,"comment_status":"open","ping_status":"open","sticky":false,"template":"","format":"standard","meta":{"neve_meta_sidebar":"","neve_meta_container":"","neve_meta_enable_content_width":"","neve_meta_content_width":0,"neve_meta_title_alignment":"","neve_meta_author_avatar":"","neve_post_elements_order":"","neve_meta_disable_header":"","neve_meta_disable_footer":"","neve_meta_disable_title":"","footnotes":""},"categories":[1],"tags":[],"class_list":["post-3039","post","type-post","status-publish","format-standard","has-post-thumbnail","hentry","category-sin-categoria"],"_links":{"self":[{"href":"https:\/\/victoria.gob.ar\/en\/wp-json\/wp\/v2\/posts\/3039","targetHints":{"allow":["GET"]}}],"collection":[{"href":"https:\/\/victoria.gob.ar\/en\/wp-json\/wp\/v2\/posts"}],"about":[{"href":"https:\/\/victoria.gob.ar\/en\/wp-json\/wp\/v2\/types\/post"}],"author":[{"embeddable":true,"href":"https:\/\/victoria.gob.ar\/en\/wp-json\/wp\/v2\/users\/2"}],"replies":[{"embeddable":true,"href":"https:\/\/victoria.gob.ar\/en\/wp-json\/wp\/v2\/comments?post=3039"}],"version-history":[{"count":0,"href":"https:\/\/victoria.gob.ar\/en\/wp-json\/wp\/v2\/posts\/3039\/revisions"}],"wp:featuredmedia":[{"embeddable":true,"href":"https:\/\/victoria.gob.ar\/en\/wp-json\/wp\/v2\/media\/3040"}],"wp:attachment":[{"href":"https:\/\/victoria.gob.ar\/en\/wp-json\/wp\/v2\/media?parent=3039"}],"wp:term":[{"taxonomy":"category","embeddable":true,"href":"https:\/\/victoria.gob.ar\/en\/wp-json\/wp\/v2\/categories?post=3039"},{"taxonomy":"post_tag","embeddable":true,"href":"https:\/\/victoria.gob.ar\/en\/wp-json\/wp\/v2\/tags?post=3039"}],"curies":[{"name":"wp","href":"https:\/\/api.w.org\/{rel}","templated":true}]}}