{"id":3035,"date":"2025-09-17T12:22:38","date_gmt":"2025-09-17T12:22:38","guid":{"rendered":"http:\/\/victoria.gob.ar\/es\/hablemos-de-salud-mental\/"},"modified":"2025-09-17T12:22:38","modified_gmt":"2025-09-17T12:22:38","slug":"hablemos-de-salud-mental","status":"publish","type":"post","link":"https:\/\/victoria.gob.ar\/en\/hablemos-de-salud-mental\/","title":{"rendered":"HABLEMOS DE SALUD MENTAL"},"content":{"rendered":"<p>Desde la Municipalidad de Victoria invitamos a todas las instituciones educativas de nuestro departamento a sumarse a este programa que busca ense\u00f1ar a cuidar la salud mental desde la prevenci\u00f3n y la promoci\u00f3n.<\/p>\n<p><img decoding=\"async\" src=\"https:\/\/s.w.org\/images\/core\/emoji\/16.0.1\/72x72\/1f914.png\" alt=\"&#x1f914;\" class=\"wp-smiley\" \/> \u00bfPor qu\u00e9 inscribirse?<\/p>\n<p><img decoding=\"async\" src=\"https:\/\/s.w.org\/images\/core\/emoji\/16.0.1\/72x72\/2705.png\" alt=\"&#x2705;\" class=\"wp-smiley\" \/> Para aprender sobre salud mental, c\u00f3mo promoverla y cuidarla.<br \/><img decoding=\"async\" src=\"https:\/\/s.w.org\/images\/core\/emoji\/16.0.1\/72x72\/2705.png\" alt=\"&#x2705;\" class=\"wp-smiley\" \/> Para participar en actividades l\u00fadicas y pr\u00e1cticas.<br \/><img decoding=\"async\" src=\"https:\/\/s.w.org\/images\/core\/emoji\/16.0.1\/72x72\/2705.png\" alt=\"&#x2705;\" class=\"wp-smiley\" \/> Para construir juntos una comunidad m\u00e1s emp\u00e1tica y comprometida.<\/p>\n<p><img decoding=\"async\" src=\"https:\/\/s.w.org\/images\/core\/emoji\/16.0.1\/72x72\/1f4e9.png\" alt=\"&#x1f4e9;\" class=\"wp-smiley\" \/> Inscrib\u00ed a tu instituci\u00f3n escribiendo a: saludmentalcomunitaria@victoria.gob.ar<\/p>\n<figure class=\"wp-block-image size-large\"><img decoding=\"async\" loading=\"lazy\" width=\"819\" height=\"1024\" src=\"https:\/\/victoria.gob.ar\/prensa\/wp-content\/uploads\/2025\/09\/WhatsApp-Image-2025-09-16-at-11.46.16-819x1024.jpeg\" alt=\"\" class=\"wp-image-1729\" \/><\/figure>","protected":false},"excerpt":{"rendered":"<p>Desde la Municipalidad de Victoria invitamos a todas las instituciones educativas de nuestro departamento a sumarse a este programa que busca ense\u00f1ar a cuidar la salud mental desde la prevenci\u00f3n y la promoci\u00f3n. \u00bfPor qu\u00e9 inscribirse? Para aprender sobre salud mental, c\u00f3mo promoverla y cuidarla. Para participar en actividades l\u00fadicas y pr\u00e1cticas. Para construir juntos&hellip;&nbsp;<a href=\"https:\/\/victoria.gob.ar\/en\/hablemos-de-salud-mental\/\" rel=\"bookmark\"><span class=\"screen-reader-text\">HABLEMOS DE SALUD MENTAL<\/span><\/a><\/p>","protected":false},"author":2,"featured_media":3036,"comment_status":"open","ping_status":"open","sticky":false,"template":"","format":"standard","meta":{"neve_meta_sidebar":"","neve_meta_container":"","neve_meta_enable_content_width":"","neve_meta_content_width":0,"neve_meta_title_alignment":"","neve_meta_author_avatar":"","neve_post_elements_order":"","neve_meta_disable_header":"","neve_meta_disable_footer":"","neve_meta_disable_title":"","footnotes":""},"categories":[1],"tags":[],"class_list":["post-3035","post","type-post","status-publish","format-standard","has-post-thumbnail","hentry","category-sin-categoria"],"_links":{"self":[{"href":"https:\/\/victoria.gob.ar\/en\/wp-json\/wp\/v2\/posts\/3035","targetHints":{"allow":["GET"]}}],"collection":[{"href":"https:\/\/victoria.gob.ar\/en\/wp-json\/wp\/v2\/posts"}],"about":[{"href":"https:\/\/victoria.gob.ar\/en\/wp-json\/wp\/v2\/types\/post"}],"author":[{"embeddable":true,"href":"https:\/\/victoria.gob.ar\/en\/wp-json\/wp\/v2\/users\/2"}],"replies":[{"embeddable":true,"href":"https:\/\/victoria.gob.ar\/en\/wp-json\/wp\/v2\/comments?post=3035"}],"version-history":[{"count":0,"href":"https:\/\/victoria.gob.ar\/en\/wp-json\/wp\/v2\/posts\/3035\/revisions"}],"wp:featuredmedia":[{"embeddable":true,"href":"https:\/\/victoria.gob.ar\/en\/wp-json\/wp\/v2\/media\/3036"}],"wp:attachment":[{"href":"https:\/\/victoria.gob.ar\/en\/wp-json\/wp\/v2\/media?parent=3035"}],"wp:term":[{"taxonomy":"category","embeddable":true,"href":"https:\/\/victoria.gob.ar\/en\/wp-json\/wp\/v2\/categories?post=3035"},{"taxonomy":"post_tag","embeddable":true,"href":"https:\/\/victoria.gob.ar\/en\/wp-json\/wp\/v2\/tags?post=3035"}],"curies":[{"name":"wp","href":"https:\/\/api.w.org\/{rel}","templated":true}]}}