{"id":2990,"date":"2025-09-10T13:14:10","date_gmt":"2025-09-10T13:14:10","guid":{"rendered":"https:\/\/victoria.gob.ar\/es\/festival-de-la-juventud-2025-pintura-de-murales\/"},"modified":"2025-09-10T13:14:10","modified_gmt":"2025-09-10T13:14:10","slug":"festival-de-la-juventud-2025-pintura-de-murales","status":"publish","type":"post","link":"https:\/\/victoria.gob.ar\/en\/festival-de-la-juventud-2025-pintura-de-murales\/","title":{"rendered":"FESTIVAL DE LA JUVENTUD 2025: PINTURA DE MURALES"},"content":{"rendered":"<p>Este jueves 11 de septiembre a las 09:00 h te esperamos en el pared\u00f3n de Retak para compartir una jornada especial.<\/p>\n<p>Un espacio donde nuestros j\u00f3venes podr\u00e1n expresarse, concientizar sobre la importancia de los humedales y, al mismo tiempo, embellecer nuestra ciudad <img decoding=\"async\" src=\"https:\/\/s.w.org\/images\/core\/emoji\/16.0.1\/72x72\/1f30d.png\" alt=\"&#x1f30d;\" class=\"wp-smiley\"\/><img decoding=\"async\" src=\"https:\/\/s.w.org\/images\/core\/emoji\/16.0.1\/72x72\/1f49a.png\" alt=\"&#x1f49a;\" class=\"wp-smiley\"\/>.<\/p>\n<p><img decoding=\"async\" src=\"https:\/\/s.w.org\/images\/core\/emoji\/16.0.1\/72x72\/1f449-1f3fc.png\" alt=\"&#x1f449;&#x1f3fc;\" class=\"wp-smiley\"\/> Esta actividad est\u00e1 destinada a los equipos de murales para la juventud.<\/p>\n<p><img decoding=\"async\" src=\"https:\/\/s.w.org\/images\/core\/emoji\/16.0.1\/72x72\/1f64c-1f3fc.png\" alt=\"&#x1f64c;&#x1f3fc;\" class=\"wp-smiley\"\/> \u00a1Una experiencia de arte y compromiso que deja huella!<\/p>\n<figure class=\"wp-block-image size-large\"><img decoding=\"async\" loading=\"lazy\" width=\"819\" height=\"1024\" src=\"https:\/\/victoria.gob.ar\/prensa\/wp-content\/uploads\/2025\/09\/WhatsApp-Image-2025-09-09-at-14.12.58-819x1024.jpeg\" alt=\"\" class=\"wp-image-1649\"\/><\/figure>","protected":false},"excerpt":{"rendered":"<p>Este jueves 11 de septiembre a las 09:00 h te esperamos en el pared\u00f3n de Retak para compartir una jornada especial. Un espacio donde nuestros j\u00f3venes podr\u00e1n expresarse, concientizar sobre la importancia de los humedales y, al mismo tiempo, embellecer nuestra ciudad . Esta actividad est\u00e1 destinada a los equipos de murales para la juventud.&hellip;&nbsp;<a href=\"https:\/\/victoria.gob.ar\/en\/festival-de-la-juventud-2025-pintura-de-murales\/\" rel=\"bookmark\"><span class=\"screen-reader-text\">FESTIVAL DE LA JUVENTUD 2025: PINTURA DE MURALES<\/span><\/a><\/p>","protected":false},"author":2,"featured_media":2991,"comment_status":"open","ping_status":"open","sticky":false,"template":"","format":"standard","meta":{"neve_meta_sidebar":"","neve_meta_container":"","neve_meta_enable_content_width":"","neve_meta_content_width":0,"neve_meta_title_alignment":"","neve_meta_author_avatar":"","neve_post_elements_order":"","neve_meta_disable_header":"","neve_meta_disable_footer":"","neve_meta_disable_title":"","footnotes":""},"categories":[1],"tags":[],"class_list":["post-2990","post","type-post","status-publish","format-standard","has-post-thumbnail","hentry","category-sin-categoria"],"_links":{"self":[{"href":"https:\/\/victoria.gob.ar\/en\/wp-json\/wp\/v2\/posts\/2990","targetHints":{"allow":["GET"]}}],"collection":[{"href":"https:\/\/victoria.gob.ar\/en\/wp-json\/wp\/v2\/posts"}],"about":[{"href":"https:\/\/victoria.gob.ar\/en\/wp-json\/wp\/v2\/types\/post"}],"author":[{"embeddable":true,"href":"https:\/\/victoria.gob.ar\/en\/wp-json\/wp\/v2\/users\/2"}],"replies":[{"embeddable":true,"href":"https:\/\/victoria.gob.ar\/en\/wp-json\/wp\/v2\/comments?post=2990"}],"version-history":[{"count":0,"href":"https:\/\/victoria.gob.ar\/en\/wp-json\/wp\/v2\/posts\/2990\/revisions"}],"wp:featuredmedia":[{"embeddable":true,"href":"https:\/\/victoria.gob.ar\/en\/wp-json\/wp\/v2\/media\/2991"}],"wp:attachment":[{"href":"https:\/\/victoria.gob.ar\/en\/wp-json\/wp\/v2\/media?parent=2990"}],"wp:term":[{"taxonomy":"category","embeddable":true,"href":"https:\/\/victoria.gob.ar\/en\/wp-json\/wp\/v2\/categories?post=2990"},{"taxonomy":"post_tag","embeddable":true,"href":"https:\/\/victoria.gob.ar\/en\/wp-json\/wp\/v2\/tags?post=2990"}],"curies":[{"name":"wp","href":"https:\/\/api.w.org\/{rel}","templated":true}]}}