{"id":2986,"date":"2025-09-10T13:18:43","date_gmt":"2025-09-10T13:18:43","guid":{"rendered":"https:\/\/victoria.gob.ar\/es\/el-domingo-vivimos-un-dia-del-nino-lleno-de-sonrisas-la-celebracion-fue-en-la-plaza-de-zona-puerto-un-espacio-que-pusimos-en-valor-y-redisenamos-especialmente-para-que-nuestros-gurises-puedan-jugar\/"},"modified":"2025-09-10T13:18:43","modified_gmt":"2025-09-10T13:18:43","slug":"el-domingo-vivimos-un-dia-del-nino-lleno-de-sonrisas-la-celebracion-fue-en-la-plaza-de-zona-puerto-un-espacio-que-pusimos-en-valor-y-redisenamos-especialmente-para-que-nuestros-gurises-puedan-jugar","status":"publish","type":"post","link":"https:\/\/victoria.gob.ar\/en\/el-domingo-vivimos-un-dia-del-nino-lleno-de-sonrisas-la-celebracion-fue-en-la-plaza-de-zona-puerto-un-espacio-que-pusimos-en-valor-y-redisenamos-especialmente-para-que-nuestros-gurises-puedan-jugar\/","title":{"rendered":"El domingo vivimos un D\u00eda del Ni\u00f1o lleno de sonrisas. La celebraci\u00f3n fue en la Plaza de Zona Puerto, un espacio que pusimos en valor y redise\u00f1amos especialmente para que nuestros gurises puedan jugar y divertirse."},"content":{"rendered":"<p><img decoding=\"async\" src=\"https:\/\/s.w.org\/images\/core\/emoji\/16.0.1\/72x72\/1f64c-1f3fc.png\" alt=\"&#x1f64c;&#x1f3fc;\" class=\"wp-smiley\"\/> Actividades de cocineritos, isla de experimentos, talleres culturales, juegos kermesse, deportes, parque de inflables, show de circo, sorteos y una plaza blanda para los m\u00e1s peque\u00f1os fueron algunas de las propuestas que brindamos.<\/p>\n<p>Agradecemos la presencia de bomberos, que acompa\u00f1aron a los ni\u00f1os, y a las Fuerzas de Seguridad, que sirvieron chocolate y torta.<\/p>\n<p>Tambi\u00e9n ofrecimos el servicio del <img decoding=\"async\" src=\"https:\/\/s.w.org\/images\/core\/emoji\/16.0.1\/72x72\/1f68c.png\" alt=\"&#x1f68c;\" class=\"wp-smiley\"\/> TUM gratuito, para que todos pudieran venir.<\/p>\n<p>Lo mejor de la tarde, sin dudas, fue ver la alegr\u00eda en los ojos de los ni\u00f1os de Victoria.<\/p>\n<blockquote class=\"instagram-media\" data-instgrm-permalink=\"https:\/\/www.instagram.com\/reel\/DOZxwYcEUSX\/?utm_source=ig_embed&amp;utm_campaign=loading\" data-instgrm-version=\"14\">\n<div> <a href=\"https:\/\/www.instagram.com\/reel\/DOZxwYcEUSX\/?utm_source=ig_embed&amp;utm_campaign=loading\" target=\"_blank\"> \n<div>\n<div><\/div>\n<div>\n<div><\/div>\n<div><\/div>\n<\/div>\n<\/div>\n<div><\/div>\n<div><\/div>\n<div>\n<div>Ver esta publicaci\u00f3n en Instagram<\/div>\n<\/div>\n<div><\/div>\n<div>\n<div>\n<div><\/div>\n<div><\/div>\n<div><\/div>\n<\/div>\n<div>\n<div><\/div>\n<div><\/div>\n<\/div>\n<div>\n<div><\/div>\n<div><\/div>\n<div><\/div>\n<\/div>\n<\/div>\n<div>\n<div><\/div>\n<div><\/div>\n<\/div>\n<p><\/p><\/a>\n<p><a href=\"https:\/\/www.instagram.com\/reel\/DOZxwYcEUSX\/?utm_source=ig_embed&amp;utm_campaign=loading\" target=\"_blank\">Una publicaci\u00f3n compartida de Municipalidad de Victoria (@victoria.gob.ar)<\/a><\/p>\n<\/div>\n<\/blockquote>","protected":false},"excerpt":{"rendered":"<p>Actividades de cocineritos, isla de experimentos, talleres culturales, juegos kermesse, deportes, parque de inflables, show de circo, sorteos y una plaza blanda para los m\u00e1s peque\u00f1os fueron algunas de las propuestas que brindamos. Agradecemos la presencia de bomberos, que acompa\u00f1aron a los ni\u00f1os, y a las Fuerzas de Seguridad, que sirvieron chocolate y torta. Tambi\u00e9n&hellip;&nbsp;<a href=\"https:\/\/victoria.gob.ar\/en\/el-domingo-vivimos-un-dia-del-nino-lleno-de-sonrisas-la-celebracion-fue-en-la-plaza-de-zona-puerto-un-espacio-que-pusimos-en-valor-y-redisenamos-especialmente-para-que-nuestros-gurises-puedan-jugar\/\" rel=\"bookmark\"><span class=\"screen-reader-text\">El domingo vivimos un D\u00eda del Ni\u00f1o lleno de sonrisas. La celebraci\u00f3n fue en la Plaza de Zona Puerto, un espacio que pusimos en valor y redise\u00f1amos especialmente para que nuestros gurises puedan jugar y divertirse.<\/span><\/a><\/p>","protected":false},"author":2,"featured_media":2987,"comment_status":"open","ping_status":"open","sticky":false,"template":"","format":"standard","meta":{"neve_meta_sidebar":"","neve_meta_container":"","neve_meta_enable_content_width":"","neve_meta_content_width":0,"neve_meta_title_alignment":"","neve_meta_author_avatar":"","neve_post_elements_order":"","neve_meta_disable_header":"","neve_meta_disable_footer":"","neve_meta_disable_title":"","footnotes":""},"categories":[1],"tags":[],"class_list":["post-2986","post","type-post","status-publish","format-standard","has-post-thumbnail","hentry","category-sin-categoria"],"_links":{"self":[{"href":"https:\/\/victoria.gob.ar\/en\/wp-json\/wp\/v2\/posts\/2986","targetHints":{"allow":["GET"]}}],"collection":[{"href":"https:\/\/victoria.gob.ar\/en\/wp-json\/wp\/v2\/posts"}],"about":[{"href":"https:\/\/victoria.gob.ar\/en\/wp-json\/wp\/v2\/types\/post"}],"author":[{"embeddable":true,"href":"https:\/\/victoria.gob.ar\/en\/wp-json\/wp\/v2\/users\/2"}],"replies":[{"embeddable":true,"href":"https:\/\/victoria.gob.ar\/en\/wp-json\/wp\/v2\/comments?post=2986"}],"version-history":[{"count":0,"href":"https:\/\/victoria.gob.ar\/en\/wp-json\/wp\/v2\/posts\/2986\/revisions"}],"wp:featuredmedia":[{"embeddable":true,"href":"https:\/\/victoria.gob.ar\/en\/wp-json\/wp\/v2\/media\/2987"}],"wp:attachment":[{"href":"https:\/\/victoria.gob.ar\/en\/wp-json\/wp\/v2\/media?parent=2986"}],"wp:term":[{"taxonomy":"category","embeddable":true,"href":"https:\/\/victoria.gob.ar\/en\/wp-json\/wp\/v2\/categories?post=2986"},{"taxonomy":"post_tag","embeddable":true,"href":"https:\/\/victoria.gob.ar\/en\/wp-json\/wp\/v2\/tags?post=2986"}],"curies":[{"name":"wp","href":"https:\/\/api.w.org\/{rel}","templated":true}]}}