{"id":2969,"date":"2025-09-07T16:16:14","date_gmt":"2025-09-07T16:16:14","guid":{"rendered":"http:\/\/victoria.gob.ar\/es\/palabras-que-juegan-poemas-escritos-por-los-mas-chicos-en-el-marco-del-dia-del-nino\/"},"modified":"2025-09-07T16:16:14","modified_gmt":"2025-09-07T16:16:14","slug":"palabras-que-juegan-poemas-escritos-por-los-mas-chicos-en-el-marco-del-dia-del-nino","status":"publish","type":"post","link":"https:\/\/victoria.gob.ar\/en\/palabras-que-juegan-poemas-escritos-por-los-mas-chicos-en-el-marco-del-dia-del-nino\/","title":{"rendered":"\u00abPalabras que Juegan\u00bb, poemas escritos por los m\u00e1s chicos en el marco del D\u00eda del Ni\u00f1o."},"content":{"rendered":"<div data-wp-interactive=\"core\/file\" class=\"wp-block-file\"><a href=\"https:\/\/victoria.gob.ar\/prensa\/wp-content\/uploads\/2025\/09\/Palabras-que-Juegan.pdf\">Palabras que Juegan<\/a><a href=\"https:\/\/victoria.gob.ar\/prensa\/wp-content\/uploads\/2025\/09\/Palabras-que-Juegan.pdf\" class=\"wp-block-file__button wp-element-button\" download aria-describedby=\"wp-block-file--media-c742245c-6b82-410a-aeda-dbce7d902cae\">Descarga<\/a><\/div>","protected":false},"excerpt":{"rendered":"<p>Palabras que JueganDescarga<\/p>","protected":false},"author":2,"featured_media":1778,"comment_status":"open","ping_status":"open","sticky":false,"template":"","format":"standard","meta":{"neve_meta_sidebar":"","neve_meta_container":"","neve_meta_enable_content_width":"","neve_meta_content_width":0,"neve_meta_title_alignment":"","neve_meta_author_avatar":"","neve_post_elements_order":"","neve_meta_disable_header":"","neve_meta_disable_footer":"","neve_meta_disable_title":"","footnotes":""},"categories":[1],"tags":[],"class_list":["post-2969","post","type-post","status-publish","format-standard","has-post-thumbnail","hentry","category-sin-categoria"],"_links":{"self":[{"href":"https:\/\/victoria.gob.ar\/en\/wp-json\/wp\/v2\/posts\/2969","targetHints":{"allow":["GET"]}}],"collection":[{"href":"https:\/\/victoria.gob.ar\/en\/wp-json\/wp\/v2\/posts"}],"about":[{"href":"https:\/\/victoria.gob.ar\/en\/wp-json\/wp\/v2\/types\/post"}],"author":[{"embeddable":true,"href":"https:\/\/victoria.gob.ar\/en\/wp-json\/wp\/v2\/users\/2"}],"replies":[{"embeddable":true,"href":"https:\/\/victoria.gob.ar\/en\/wp-json\/wp\/v2\/comments?post=2969"}],"version-history":[{"count":0,"href":"https:\/\/victoria.gob.ar\/en\/wp-json\/wp\/v2\/posts\/2969\/revisions"}],"wp:featuredmedia":[{"embeddable":true,"href":"https:\/\/victoria.gob.ar\/en\/wp-json\/wp\/v2\/media\/1778"}],"wp:attachment":[{"href":"https:\/\/victoria.gob.ar\/en\/wp-json\/wp\/v2\/media?parent=2969"}],"wp:term":[{"taxonomy":"category","embeddable":true,"href":"https:\/\/victoria.gob.ar\/en\/wp-json\/wp\/v2\/categories?post=2969"},{"taxonomy":"post_tag","embeddable":true,"href":"https:\/\/victoria.gob.ar\/en\/wp-json\/wp\/v2\/tags?post=2969"}],"curies":[{"name":"wp","href":"https:\/\/api.w.org\/{rel}","templated":true}]}}