{"id":2940,"date":"2025-09-03T14:35:58","date_gmt":"2025-09-03T14:35:58","guid":{"rendered":"http:\/\/victoria.gob.ar\/es\/campana-gratuita-de-esterilizacion-canina-4\/"},"modified":"2025-09-03T14:35:58","modified_gmt":"2025-09-03T14:35:58","slug":"campana-gratuita-de-esterilizacion-canina-4","status":"publish","type":"post","link":"https:\/\/victoria.gob.ar\/en\/campana-gratuita-de-esterilizacion-canina-4\/","title":{"rendered":"CAMPA\u00d1A GRATUITA DE ESTERILIZACI\u00d3N CANINA"},"content":{"rendered":"<p>La Municipalidad de Victoria contin\u00faa desarrollando la campa\u00f1a de esterilizaci\u00f3n canina sin arancel. Se realizar\u00e1 en <img decoding=\"async\" src=\"https:\/\/s.w.org\/images\/core\/emoji\/16.0.1\/72x72\/1f4cd.png\" alt=\"&#x1f4cd;\" class=\"wp-smiley\" \/> el Quinto Cuartel (esquina F\u00e9lix Cudini y Prefectura Naval Argentina) el <img decoding=\"async\" src=\"https:\/\/s.w.org\/images\/core\/emoji\/16.0.1\/72x72\/1f5d3.png\" alt=\"&#x1f5d3;\" class=\"wp-smiley\" \/> domingo 7 de septiembre a partir de las <img decoding=\"async\" src=\"https:\/\/s.w.org\/images\/core\/emoji\/16.0.1\/72x72\/231a.png\" alt=\"&#x231a;\" class=\"wp-smiley\" \/> 08:00 h.<\/p>\n<p>Con la campa\u00f1a de este mes finalizada se habr\u00e1n castrado 1020 perros y 900 gatos desde marzo de 2024.<\/p>\n<p>La tenencia responsable de mascotas es fundamental para resolver la problem\u00e1tica de la sobrepoblaci\u00f3n de caninos y felinos en las calles. Los problemas comunitarios se resuelven en comunidad y requieren del compromiso de todos.<\/p>\n<p>Victoria, #MiCiudadQuerida <img decoding=\"async\" src=\"https:\/\/s.w.org\/images\/core\/emoji\/16.0.1\/72x72\/1fa75.png\" alt=\"&#x1fa75;\" class=\"wp-smiley\" \/><\/p>\n<figure class=\"wp-block-image size-large\"><img decoding=\"async\" loading=\"lazy\" width=\"819\" height=\"1024\" src=\"https:\/\/victoria.gob.ar\/prensa\/wp-content\/uploads\/2025\/09\/WhatsApp-Image-2025-09-02-at-12.05.06-819x1024.jpeg\" alt=\"\" class=\"wp-image-1586\" \/><\/figure>","protected":false},"excerpt":{"rendered":"<p>La Municipalidad de Victoria contin\u00faa desarrollando la campa\u00f1a de esterilizaci\u00f3n canina sin arancel. Se realizar\u00e1 en el Quinto Cuartel (esquina F\u00e9lix Cudini y Prefectura Naval Argentina) el domingo 7 de septiembre a partir de las 08:00 h. Con la campa\u00f1a de este mes finalizada se habr\u00e1n castrado 1020 perros y 900 gatos desde marzo de&hellip;&nbsp;<a href=\"https:\/\/victoria.gob.ar\/en\/campana-gratuita-de-esterilizacion-canina-4\/\" rel=\"bookmark\"><span class=\"screen-reader-text\">CAMPA\u00d1A GRATUITA DE ESTERILIZACI\u00d3N CANINA<\/span><\/a><\/p>","protected":false},"author":2,"featured_media":2259,"comment_status":"open","ping_status":"open","sticky":false,"template":"","format":"standard","meta":{"neve_meta_sidebar":"","neve_meta_container":"","neve_meta_enable_content_width":"","neve_meta_content_width":0,"neve_meta_title_alignment":"","neve_meta_author_avatar":"","neve_post_elements_order":"","neve_meta_disable_header":"","neve_meta_disable_footer":"","neve_meta_disable_title":"","footnotes":""},"categories":[1],"tags":[],"class_list":["post-2940","post","type-post","status-publish","format-standard","has-post-thumbnail","hentry","category-sin-categoria"],"_links":{"self":[{"href":"https:\/\/victoria.gob.ar\/en\/wp-json\/wp\/v2\/posts\/2940","targetHints":{"allow":["GET"]}}],"collection":[{"href":"https:\/\/victoria.gob.ar\/en\/wp-json\/wp\/v2\/posts"}],"about":[{"href":"https:\/\/victoria.gob.ar\/en\/wp-json\/wp\/v2\/types\/post"}],"author":[{"embeddable":true,"href":"https:\/\/victoria.gob.ar\/en\/wp-json\/wp\/v2\/users\/2"}],"replies":[{"embeddable":true,"href":"https:\/\/victoria.gob.ar\/en\/wp-json\/wp\/v2\/comments?post=2940"}],"version-history":[{"count":0,"href":"https:\/\/victoria.gob.ar\/en\/wp-json\/wp\/v2\/posts\/2940\/revisions"}],"wp:featuredmedia":[{"embeddable":true,"href":"https:\/\/victoria.gob.ar\/en\/wp-json\/wp\/v2\/media\/2259"}],"wp:attachment":[{"href":"https:\/\/victoria.gob.ar\/en\/wp-json\/wp\/v2\/media?parent=2940"}],"wp:term":[{"taxonomy":"category","embeddable":true,"href":"https:\/\/victoria.gob.ar\/en\/wp-json\/wp\/v2\/categories?post=2940"},{"taxonomy":"post_tag","embeddable":true,"href":"https:\/\/victoria.gob.ar\/en\/wp-json\/wp\/v2\/tags?post=2940"}],"curies":[{"name":"wp","href":"https:\/\/api.w.org\/{rel}","templated":true}]}}