{"id":2936,"date":"2025-09-03T14:38:02","date_gmt":"2025-09-03T14:38:02","guid":{"rendered":"http:\/\/victoria.gob.ar\/es\/la-intendente-firmo-un-convenio-con-la-utn\/"},"modified":"2025-09-03T14:38:02","modified_gmt":"2025-09-03T14:38:02","slug":"la-intendente-firmo-un-convenio-con-la-utn","status":"publish","type":"post","link":"https:\/\/victoria.gob.ar\/en\/la-intendente-firmo-un-convenio-con-la-utn\/","title":{"rendered":"LA INTENDENTE FIRM\u00d3 UN CONVENIO CON LA UTN"},"content":{"rendered":"<p>La presidente municipal, Isa Castagnino, acompa\u00f1ada por la secretaria de Gobierno, Lucina Menescardi, firm\u00f3 un convenio marco de cooperaci\u00f3n y asistencia con la Universidad Tecnol\u00f3gica Nacional (UTN), representada por el decano de la Facultad Regional Paran\u00e1, Alejandro Carrere, quien, a su vez, estuvo acompa\u00f1ado por el secretario de Ciencia, Tecnolog\u00eda y Vinculaci\u00f3n Tecnol\u00f3gica, Diego \u00c1lvarez Daneri.<\/p>\n<p><img decoding=\"async\" src=\"https:\/\/s.w.org\/images\/core\/emoji\/16.0.1\/72x72\/2712.png\" alt=\"&#x2712;\" class=\"wp-smiley\" \/> Este acuerdo abre la posibilidad de desarrollar proyectos conjuntos, capacitaciones, asesoramiento t\u00e9cnico y programas de inter\u00e9s comunitario, adem\u00e1s de facilitar el acceso a laboratorios, bibliotecas e instalaciones de la UTN.<\/p>\n<p>Se trata de un primer paso para traer propuestas educativas espec\u00edficas a Victoria y fortalecer la formaci\u00f3n en \u00e1reas vinculadas a la ciencia, la tecnolog\u00eda y el desarrollo productivo.<\/p>\n<p>5&#x20e3; \u00c9ste es el quinto convenio firmado junto a universidades p\u00fablicas y se suma a los acuerdos con:<\/p>\n<ul class=\"wp-block-list\">\n<li>Universidad Nacional de Entre R\u00edos<\/li>\n<li>Universidad Aut\u00f3noma de Entre R\u00edos<\/li>\n<li>Universidad Nacional de Rosario<\/li>\n<li>Universidad Nacional de Quilmes<\/li>\n<\/ul>\n<figure class=\"wp-block-gallery has-nested-images columns-default is-cropped wp-block-gallery-1 is-layout-flex wp-block-gallery-is-layout-flex\">\n<figure class=\"wp-block-image size-large\"><img loading=\"lazy\" decoding=\"async\" width=\"1024\" height=\"682\" data-id=\"1594\" src=\"https:\/\/victoria.gob.ar\/prensa\/wp-content\/uploads\/2025\/09\/WhatsApp-Image-2025-09-02-at-13.07.36-1024x682.jpeg\" alt=\"\" class=\"wp-image-1594\" \/><\/figure>\n<figure class=\"wp-block-image size-large\"><img decoding=\"async\" loading=\"lazy\" width=\"1024\" height=\"682\" data-id=\"1593\" src=\"https:\/\/victoria.gob.ar\/prensa\/wp-content\/uploads\/2025\/09\/WhatsApp-Image-2025-09-02-at-13.06.57-2-1024x682.jpeg\" alt=\"\" class=\"wp-image-1593\" \/><\/figure>\n<figure class=\"wp-block-image size-large\"><img decoding=\"async\" loading=\"lazy\" width=\"1024\" height=\"682\" data-id=\"1592\" src=\"https:\/\/victoria.gob.ar\/prensa\/wp-content\/uploads\/2025\/09\/WhatsApp-Image-2025-09-02-at-13.06.57-1-1024x682.jpeg\" alt=\"\" class=\"wp-image-1592\" \/><\/figure>\n<figure class=\"wp-block-image size-large\"><img decoding=\"async\" loading=\"lazy\" width=\"1024\" height=\"682\" data-id=\"1595\" src=\"https:\/\/victoria.gob.ar\/prensa\/wp-content\/uploads\/2025\/09\/WhatsApp-Image-2025-09-02-at-13.06.57-1024x682.jpeg\" alt=\"\" class=\"wp-image-1595\" \/><\/figure>\n<figure class=\"wp-block-image size-large\"><img decoding=\"async\" loading=\"lazy\" width=\"1024\" height=\"682\" data-id=\"1596\" src=\"https:\/\/victoria.gob.ar\/prensa\/wp-content\/uploads\/2025\/09\/WhatsApp-Image-2025-09-02-at-13.06.56-1024x682.jpeg\" alt=\"\" class=\"wp-image-1596\" \/><\/figure>\n<\/figure>","protected":false},"excerpt":{"rendered":"<p>La presidente municipal, Isa Castagnino, acompa\u00f1ada por la secretaria de Gobierno, Lucina Menescardi, firm\u00f3 un convenio marco de cooperaci\u00f3n y asistencia con la Universidad Tecnol\u00f3gica Nacional (UTN), representada por el decano de la Facultad Regional Paran\u00e1, Alejandro Carrere, quien, a su vez, estuvo acompa\u00f1ado por el secretario de Ciencia, Tecnolog\u00eda y Vinculaci\u00f3n Tecnol\u00f3gica, Diego \u00c1lvarez&hellip;&nbsp;<a href=\"https:\/\/victoria.gob.ar\/en\/la-intendente-firmo-un-convenio-con-la-utn\/\" rel=\"bookmark\"><span class=\"screen-reader-text\">LA INTENDENTE FIRM\u00d3 UN CONVENIO CON LA UTN<\/span><\/a><\/p>","protected":false},"author":2,"featured_media":2937,"comment_status":"open","ping_status":"open","sticky":false,"template":"","format":"standard","meta":{"neve_meta_sidebar":"","neve_meta_container":"","neve_meta_enable_content_width":"","neve_meta_content_width":0,"neve_meta_title_alignment":"","neve_meta_author_avatar":"","neve_post_elements_order":"","neve_meta_disable_header":"","neve_meta_disable_footer":"","neve_meta_disable_title":"","footnotes":""},"categories":[1],"tags":[],"class_list":["post-2936","post","type-post","status-publish","format-standard","has-post-thumbnail","hentry","category-sin-categoria"],"_links":{"self":[{"href":"https:\/\/victoria.gob.ar\/en\/wp-json\/wp\/v2\/posts\/2936","targetHints":{"allow":["GET"]}}],"collection":[{"href":"https:\/\/victoria.gob.ar\/en\/wp-json\/wp\/v2\/posts"}],"about":[{"href":"https:\/\/victoria.gob.ar\/en\/wp-json\/wp\/v2\/types\/post"}],"author":[{"embeddable":true,"href":"https:\/\/victoria.gob.ar\/en\/wp-json\/wp\/v2\/users\/2"}],"replies":[{"embeddable":true,"href":"https:\/\/victoria.gob.ar\/en\/wp-json\/wp\/v2\/comments?post=2936"}],"version-history":[{"count":0,"href":"https:\/\/victoria.gob.ar\/en\/wp-json\/wp\/v2\/posts\/2936\/revisions"}],"wp:featuredmedia":[{"embeddable":true,"href":"https:\/\/victoria.gob.ar\/en\/wp-json\/wp\/v2\/media\/2937"}],"wp:attachment":[{"href":"https:\/\/victoria.gob.ar\/en\/wp-json\/wp\/v2\/media?parent=2936"}],"wp:term":[{"taxonomy":"category","embeddable":true,"href":"https:\/\/victoria.gob.ar\/en\/wp-json\/wp\/v2\/categories?post=2936"},{"taxonomy":"post_tag","embeddable":true,"href":"https:\/\/victoria.gob.ar\/en\/wp-json\/wp\/v2\/tags?post=2936"}],"curies":[{"name":"wp","href":"https:\/\/api.w.org\/{rel}","templated":true}]}}